{"id":52372,"date":"2018-01-30T13:50:46","date_gmt":"2018-01-30T12:50:46","guid":{"rendered":"http:\/\/cyclingpro.net\/velopro\/?p=52372"},"modified":"2018-01-30T14:07:12","modified_gmt":"2018-01-30T13:07:12","slug":"itw-oliver-naesen-serai-lun-5-meilleurs-depart-classiques","status":"publish","type":"post","link":"https:\/\/cyclingpro.net\/velopro\/interviews\/itw-oliver-naesen-serai-lun-5-meilleurs-depart-classiques\/","title":{"rendered":"[ITW] Oliver Naesen : \u00ab Je serai l\u2019un des 5 meilleurs\u00a0au d\u00e9part des Classiques \u00bb"},"content":{"rendered":"<p style=\"text-align: justify;\">Une chose frappe d&#8217;embl\u00e9e lorsque l&rsquo;on converse avec Oliver Naesen. L&rsquo;homme est \u00e9panoui. Tr\u00e8s \u00e9panoui, m\u00eame. En constante progression depuis trois saisons, le coureur d&rsquo;AG2R-La Mondiale semble savourer chaque instant de sa carri\u00e8re, d\u00e9marr\u00e9e sur le tard, \u00e0 24 ans. Le natif d&rsquo;Ostende en a aujourd&rsquo;hui 27, et poss\u00e8de d\u00e9sormais quelques belles lignes \u00e0 son palmar\u00e8s. Apr\u00e8s son succ\u00e8s sur la Bretagne Classic en 2016, Oliver Naesen a franchi un \u00e9norme cap la saison derni\u00e8re, s&rsquo;adjugeant non seulement le titre de champion de Belgique, mais s&rsquo;affirmant \u00e9galement comme un protagoniste de premier plan sur les Classiques flandriennes. Il s&rsquo;est ainsi gliss\u00e9 dans le top-10 de trois \u00e9preuves pav\u00e9es, incluant un podium sur le Grand Prix E3 Harelbeke, et le bilan aurait pu \u00eatre largement plus flatteur si une grosse chute sur le Tour des Flandres et des ennuis \u00e0 r\u00e9p\u00e9tition sur Paris-Roubaix ne s&rsquo;\u00e9taient pas mis au travers de son chemin. Devenu un \u00e9l\u00e9ment de r\u00e9f\u00e9rence dans le peloton international, et un v\u00e9ritable fer de lance chez AG2R-La Mondiale, Oliver Naesen aborde donc 2018 avec une confiance gonfl\u00e9e \u00e0 bloc, des espoirs pleins la t\u00eate et, surtout, un enthousiasme de tous les instants. Cyclingpro.net s&rsquo;est entretenu avec le champion de Belgique il y a une semaine, en marge de sa reprise, ce mercredi, sur le Tour de la Communaut\u00e9 de Valence.<\/p>\n<p style=\"text-align: justify;\"><strong>Oliver, il y a tout juste an, vous nous aviez confi\u00e9 que de top-20 sur les Classiques chez IAM Cycling, vous souhaitiez passer \u00e0 top-10 chez AG2R-La Mondiale. L\u2019objectif a \u00e9t\u00e9 rempli. Et maintenant\u00a0?<\/strong><\/p>\n<p><img loading=\"lazy\" decoding=\"async\" class=\"wp-image-52381 alignright\" src=\"http:\/\/cyclingpro.net\/velopro\/wp-content\/uploads\/2018\/01\/NAESEN_01_\u00a9Vincent-Curutchet.jpeg\" alt=\"\" width=\"300\" height=\"450\" srcset=\"https:\/\/cyclingpro.net\/velopro\/wp-content\/uploads\/2018\/01\/NAESEN_01_\u00a9Vincent-Curutchet.jpeg 682w, https:\/\/cyclingpro.net\/velopro\/wp-content\/uploads\/2018\/01\/NAESEN_01_\u00a9Vincent-Curutchet-200x300.jpeg 200w, https:\/\/cyclingpro.net\/velopro\/wp-content\/uploads\/2018\/01\/NAESEN_01_\u00a9Vincent-Curutchet-768x1154.jpeg 768w\" sizes=\"auto, (max-width: 300px) 100vw, 300px\" \/><\/p>\n<p style=\"text-align: justify;\">Maintenant, j\u2019aimerais me placer r\u00e9guli\u00e8rement entre 5 et\u2026 1. Je pense vraiment que c\u2019est r\u00e9alisable. Je suis mieux que l\u2019an pass\u00e9, \u00e7a c\u2019est s\u00fbr et certain. Les tests l\u2019ont d\u00e9montr\u00e9, ce n\u2019est pas seulement un ressenti. J\u2019ai aussi une meilleure \u00e9quipe que l\u2019ann\u00e9e pass\u00e9e. En 2017, quand il ne restait que quarante coureurs dans le peloton, c\u2019\u00e9tait parfois \u00e0 moi d\u2019aller chercher les seconds couteaux des autres \u00e9quipes, ce qui n\u2019est pas l\u2019id\u00e9al. Maintenant, on aura des coureurs pour cette t\u00e2che. Je n\u2019ai jamais \u00e9t\u00e9 malade et je ne suis pas tomb\u00e9 cet hiver. Je n\u2019ai pas \u00e0 me plaindre. J\u2019ai aussi l\u2019exp\u00e9rience de l\u2019ann\u00e9e pass\u00e9e pour moi. Je ne trouve que des points positifs, qui font du bien \u00e0 la confiance.<\/p>\n<p style=\"text-align: justify;\"><strong>\u00c0 l\u2019arriv\u00e9e de l\u2019Amstel Gold Race 2017, vous nous confiez aussi \u00e0 quel point vous \u00e9tiez content de la direction que prenait votre carri\u00e8re\u2026<\/strong><\/p>\n<p style=\"text-align: justify;\">Ah oui, super content\u00a0! Je continue de me lever le matin avec cette pens\u00e9e, et de me coucher le soir avec cette m\u00eame pens\u00e9e. Je suis toujours tr\u00e8s heureux du chemin que prend ma carri\u00e8re, des tests qu\u2019on a effectu\u00e9s en stage, des sensations que je ressens dans les jambes \u00e0 l\u2019entra\u00eenement, de mon r\u00f4le dans l\u2019\u00e9quipe, qui s\u2019am\u00e9liore chaque jour ou presque. Tout m\u2019incite \u00e0 \u00eatre heureux de ma situation. J\u2019ai maintenant vraiment h\u00e2te de commencer la course.<\/p>\n<p style=\"text-align: justify;\"><strong>Comment AG2R-La Mondiale va-t-elle d\u00e9sormais se structurer pour les Classiques, avec l\u2019arriv\u00e9e, notamment, de Tony Gallopin, qui a aussi un petit bagage sur ces courses.<\/strong><\/p>\n<p style=\"text-align: justify;\">Il y a une sorte de pyramide. Je suis en haut de cette pyramide, au d\u00e9part de chaque Classique, puis il y a une deuxi\u00e8me ligne avec Alexis [Gougeard], Tony [Gallopin], Stijn [Vandenbergh] ou m\u00eame Silvan [Dillier]. En clair, s\u2019ils se retrouvent dans un groupe devant \u00e0 50 kilom\u00e8tres de l\u2019arriv\u00e9e, pour moi c\u2019est tr\u00e8s bien. Je n\u2019ai qu\u2019\u00e0 attendre que Greg [Van Avermaet], Sagan ou les autres favoris bougent, parce que je pense que je suis l\u2019un des seuls \u00e0 pouvoir les suivre \u00e0 p\u00e9dale. \u00c0 partir de l\u00e0, si on bouche le trou, c\u2019est moi le leader. Si on ne bouche pas le trou, ce sont eux [ses co\u00e9quipiers, ndlr] les leaders. C\u2019est comme \u00e7a que l\u2019on imagine le dispositif. Eux peuvent se cacher derri\u00e8re moi, et inversement, de sorte \u00e0 ce qu\u2019on arrive dans le final avec plus de fra\u00eecheur, et c\u2019est ce qui peut faire la diff\u00e9rence avec nos adversaires.<\/p>\n<p style=\"text-align: justify;\"><strong>Peut-on d\u2019ailleurs compter sur un retour de Stijn Vandenbergh \u00e0 son r\u00e9el niveau\u00a0?<\/strong><\/p>\n<p style=\"text-align: justify;\">C\u2019est certain. Stijn a eu \u00e9norm\u00e9ment de probl\u00e8mes l\u2019an pass\u00e9, mais il marchait d\u00e9j\u00e0 plut\u00f4t bien en Australie. Je suis convaincu qu\u2019il va retrouver son vrai niveau, celui qu\u2019il avait chez Quick Step Floors.<\/p>\n<p style=\"text-align: justify;\"><strong>Est-ce qu\u2019\u00e0 la lumi\u00e8re de ce que vous avez r\u00e9alis\u00e9 l\u2019an pass\u00e9, vous vous prenez d\u00e9sormais \u00e0 r\u00eaver d\u2019une victoire dans une grande Classique\u00a0?<\/strong><\/p>\n<p><img loading=\"lazy\" decoding=\"async\" class=\"wp-image-10673 alignleft\" src=\"http:\/\/cyclingpro.net\/velopro\/wp-content\/uploads\/2017\/03\/Naesen.jpg\" alt=\"\" width=\"600\" height=\"253\" srcset=\"https:\/\/cyclingpro.net\/velopro\/wp-content\/uploads\/2017\/03\/Naesen.jpg 1050w, https:\/\/cyclingpro.net\/velopro\/wp-content\/uploads\/2017\/03\/Naesen-300x127.jpg 300w, https:\/\/cyclingpro.net\/velopro\/wp-content\/uploads\/2017\/03\/Naesen-768x324.jpg 768w, https:\/\/cyclingpro.net\/velopro\/wp-content\/uploads\/2017\/03\/Naesen-1024x432.jpg 1024w\" sizes=\"auto, (max-width: 600px) 100vw, 600px\" \/><\/p>\n<p style=\"text-align: justify;\">Oui, bien s\u00fbr. Je sais bien que je ne serai jamais le favori au d\u00e9part cette ann\u00e9e. Peut-\u00eatre m\u00eame que je ne gagnerai pas une Classique cette ann\u00e9e, je ne le pense pas, en tout cas. Mais je sais en revanche qu\u2019au d\u00e9part de chacune de ces courses, je serai l\u2019un des cinq meilleurs sur la liste des engag\u00e9s. Dans cette position-l\u00e0, sans accident, tu peux donc r\u00eaver d\u2019une victoire. Apr\u00e8s, il est \u00e0 nouveau possible que Greg [Van Avermaet] en gagne cinq cette ann\u00e9e, que Sagan en remporte deux, et dans ces cas-l\u00e0, tu ne peux rien faire. Mais cela n\u2019emp\u00eache qu\u2019au d\u00e9part, je pourrai toujours, si ce n\u2019est viser, au moins r\u00eaver de la victoire, si les circonstances jouent en ma faveur.<\/p>\n<p style=\"text-align: justify;\"><strong>Votre chute l\u2019an pass\u00e9 dans le final du Tour des Flandres vous a-t-elle marqu\u00e9 psychologiquement\u00a0?<\/strong><\/p>\n<p style=\"text-align: justify;\">J\u2019avais un double sentiment. C\u2019\u00e9tait la meilleure semaine de ma vie. C\u2019\u00e9tait aussi la pire semaine de ma vie. D\u2019un c\u00f4t\u00e9, j\u2019\u00e9tais super heureux du niveau que j\u2019avais sur le Tour des Flandres et Paris-Roubaix. D\u2019un autre, j\u2019ai accumul\u00e9 la malchance. J\u2019ai senti que j\u2019avais le niveau pour \u00eatre sur le podium de ces deux courses-l\u00e0, mais au final, je n\u2019ai obtenu aucun r\u00e9sultat. C\u2019\u00e9tait super frustrant, mais il vaut mieux \u00e7a que d\u2019\u00eatre l\u00e2ch\u00e9 \u00e0 la p\u00e9dale. Dans ma t\u00eate, au moins, je suis rassur\u00e9 sur mes capacit\u00e9s \u00e0 jouer les premiers r\u00f4les sur une tr\u00e8s grande Classique.<\/p>\n<p style=\"text-align: justify;\"><strong>Vous ressortez donc le positif de tout cela.<\/strong><\/p>\n<p><img loading=\"lazy\" decoding=\"async\" class=\"wp-image-27716 alignright\" src=\"http:\/\/cyclingpro.net\/velopro\/wp-content\/uploads\/2017\/06\/Sans-titre.png\" alt=\"\" width=\"450\" height=\"253\" srcset=\"https:\/\/cyclingpro.net\/velopro\/wp-content\/uploads\/2017\/06\/Sans-titre.png 1050w, https:\/\/cyclingpro.net\/velopro\/wp-content\/uploads\/2017\/06\/Sans-titre-300x169.png 300w, https:\/\/cyclingpro.net\/velopro\/wp-content\/uploads\/2017\/06\/Sans-titre-768x432.png 768w, https:\/\/cyclingpro.net\/velopro\/wp-content\/uploads\/2017\/06\/Sans-titre-1024x576.png 1024w\" sizes=\"auto, (max-width: 450px) 100vw, 450px\" \/><\/p>\n<p style=\"text-align: justify;\">Oui, et c\u2019est aussi car, sur le Tour des Flandres, la chute s\u2019est vraiment produite dans le final. J\u2019avais heureusement d\u00e9j\u00e0 pu montrer que j\u2019\u00e9tais capable d\u2019accompagner les meilleurs, et j\u2019\u00e9tais parti pour faire au pire quatri\u00e8me. \u00c0 Roubaix, c\u2019\u00e9tait un peu diff\u00e9rent. J\u2019ai senti que j\u2019\u00e9tais facile toute la journ\u00e9e mais quand toutes les catastrophes te tombent dessus, il n\u2019y a rien \u00e0 faire. Ce furent \u00e9videmment deux grandes d\u00e9ceptions, mais j\u2019avais conscience que je ne pouvais rien y faire. C\u2019est comme \u00e7a. La vie continue et ce ne sera pas comme cela chaque ann\u00e9e.<\/p>\n<p style=\"text-align: justify;\"><strong>Dans un mois, les Classiques commencent avec l\u2019Omloop Het Nieuwsblad. Vous y rendez-vous d\u00e9j\u00e0 pour gagner, ou l\u2019id\u00e9e est-elle de monter crescendo\u00a0?<\/strong><\/p>\n<p style=\"text-align: justify;\">C\u2019est difficile pour moi d\u2019annoncer que je veux gagner, car je n\u2019ai jamais gagn\u00e9 une course (une Classique pav\u00e9e, ndlr). J\u2019ai seulement fait un podium (sur le GP E3 Harelbeke 2017, ndlr) mais il est certain qu\u2019avec le niveau que j\u2019ai affich\u00e9 l\u2019an pass\u00e9, je fais partie des 5-10 coureurs capables de l\u2019emporter. D\u00e9j\u00e0, on sait que Sagan ne sera pas sur l\u2019Omloop, c\u2019est donc une place de gagn\u00e9e, et j\u2019esp\u00e8re au moins faire un top-5, voire un podium. Tout d\u00e9pend de la forme de mes concurrents.<\/p>\n<p style=\"text-align: justify;\"><strong>Derri\u00e8re Paris-Roubaix et le Tour des Flandres, quelle est la Classique qui a le plus d\u2019importance \u00e0 vos yeux\u00a0?<\/strong><\/p>\n<p style=\"text-align: justify;\">Le GP E3 Harelbeke, l\u2019Omloop Het Nieuwsblad, Gand-Wevelgem. Je ne peux pas en ressortir qu\u2019une. Puis il y a aussi Milan-San Remo, l\u2019Amstel Gold Race, \u00c0 Travers les Flandres. Toutes ont leur importance. Mais il faut surtout que je sois efficace sur les courses o\u00f9 ne sont pas pr\u00e9sents Greg [Van Avermaet] ou Peter. Moi, je les fais toutes, donc je n\u2019ai pas de questions \u00e0 me poser. Je n\u2019ai pas non plus le luxe de choisir laquelle je veux gagner. Donc si je peux en gagner une, tant mieux, peu importe laquelle.<\/p>\n<p style=\"text-align: justify;\"><strong>Quelle diff\u00e9rence \u00e9tabliriez-vous entre le Tour des Flandres et Paris-Roubaix\u00a0?<\/strong><\/p>\n<p><img loading=\"lazy\" decoding=\"async\" class=\"wp-image-52379 alignleft\" src=\"http:\/\/cyclingpro.net\/velopro\/wp-content\/uploads\/2018\/01\/NAESEN_03_\u00a9Vincent-Curutchet.jpeg\" alt=\"\" width=\"450\" height=\"300\" srcset=\"https:\/\/cyclingpro.net\/velopro\/wp-content\/uploads\/2018\/01\/NAESEN_03_\u00a9Vincent-Curutchet.jpeg 1050w, https:\/\/cyclingpro.net\/velopro\/wp-content\/uploads\/2018\/01\/NAESEN_03_\u00a9Vincent-Curutchet-300x200.jpeg 300w, https:\/\/cyclingpro.net\/velopro\/wp-content\/uploads\/2018\/01\/NAESEN_03_\u00a9Vincent-Curutchet-768x511.jpeg 768w, https:\/\/cyclingpro.net\/velopro\/wp-content\/uploads\/2018\/01\/NAESEN_03_\u00a9Vincent-Curutchet-1024x682.jpeg 1024w\" sizes=\"auto, (max-width: 450px) 100vw, 450px\" \/><\/p>\n<p style=\"text-align: justify;\">Sur le Tour des Flandres, si tu n\u2019es pas devant au moment de la premi\u00e8re bosse, ce n\u2019est pas grave, ce n\u2019est pas un probl\u00e8me, tu as toujours le temps de remonter ensuite. L\u2019an pass\u00e9, ma course a d\u00e9marr\u00e9 apr\u00e8s plus de 200 kilom\u00e8tres. Sur Paris-Roubaix, par contre, si tu n\u2019es pas devant lors du premier secteur, tu peux \u00eatre s\u00fbr de te retrouver coinc\u00e9 dans les chutes, dans les voitures. En 2017, je suis tomb\u00e9 lors du deuxi\u00e8me secteur, je me suis retrouv\u00e9 en poursuite toute la journ\u00e9e. D\u00e8s que tu te retrouves derri\u00e8re, tu ne vois que la poussi\u00e8re, tu ne vois plus les pav\u00e9s, et ce n\u2019est pas top. Il faut vraiment \u00eatre plac\u00e9 toute la journ\u00e9e.<\/p>\n<p style=\"text-align: justify;\"><strong>La p\u00e9riode des Classiques reste la p\u00e9riode que vous pr\u00e9f\u00e9rez dans l\u2019ann\u00e9e\u00a0?<\/strong><\/p>\n<p style=\"text-align: justify;\">Oui, mais il n\u2019y a pas que \u00e7a non plus. Je coupe mon ann\u00e9e en trois morceaux. Il y a d\u2019abord les Classiques, puis l\u2019encha\u00eenement Dauphin\u00e9-Tour, et enfin tout ce qui est Eneco Tour, Classiques canadiennes, Mondiaux, \u00e9ventuellement. Ce sont trois p\u00e9riodes o\u00f9 il me tient \u00e0 c\u0153ur de r\u00e9pondre pr\u00e9sent.<\/p>\n<p style=\"text-align: justify;\"><strong>Avez-vous d\u00e9j\u00e0 reconnu le parcours de certaines Flandriennes\u00a0?<\/strong><\/p>\n<p style=\"text-align: justify;\">Je suis all\u00e9 faire la reconnaissance de l\u2019Omloop Het Nieuwsblad \u00e0 deux reprises, car le trac\u00e9 a compl\u00e8tement chang\u00e9 cette ann\u00e9e. Pour ce qui est des autres parcours, je peux vous dire par c\u0153ur \u00ab\u00a0virage gauche, virage droite, pav\u00e9 ici, trou l\u00e0\u00a0\u00bb. Je les connais si bien car je m\u2019entra\u00eene sur ces routes toute l\u2019ann\u00e9e. Je vais aussi reconna\u00eetre Paris-Roubaix d\u00e8s demain (vendredi dernier, ndlr). J\u2019y retournerai peut-\u00eatre lors de la deuxi\u00e8me semaine de f\u00e9vrier. Sinon, il y aura \u00e9videmment la semaine pr\u00e9c\u00e9dant la course. L\u00e0 encore, je ne connais pas forc\u00e9ment le nom des secteurs pav\u00e9s, mais je connais l\u2019encha\u00eenement.<\/p>\n<p style=\"text-align: justify;\"><strong>Vous avez aussi donn\u00e9 beaucoup plus de poids aux Classiques chez AG2R-La Mondiale. Est-ce une fiert\u00e9\u00a0?<\/strong><\/p>\n<p><img loading=\"lazy\" decoding=\"async\" class=\"wp-image-4620 alignright\" src=\"http:\/\/cyclingpro.net\/velopro\/wp-content\/uploads\/2017\/02\/Oliver-Naesen.jpg\" alt=\"\" width=\"500\" height=\"262\" srcset=\"https:\/\/cyclingpro.net\/velopro\/wp-content\/uploads\/2017\/02\/Oliver-Naesen.jpg 1050w, https:\/\/cyclingpro.net\/velopro\/wp-content\/uploads\/2017\/02\/Oliver-Naesen-300x157.jpg 300w, https:\/\/cyclingpro.net\/velopro\/wp-content\/uploads\/2017\/02\/Oliver-Naesen-768x403.jpg 768w, https:\/\/cyclingpro.net\/velopro\/wp-content\/uploads\/2017\/02\/Oliver-Naesen-1024x537.jpg 1024w\" sizes=\"auto, (max-width: 500px) 100vw, 500px\" \/><\/p>\n<p style=\"text-align: justify;\">Bien s\u00fbr, bien sur. Les Classiques sont devenues de plus en plus importantes pour les \u00e9quipes. Et c\u2019est vrai que c\u2019est cool de ramener quelques r\u00e9sultats auxquels l\u2019\u00e9quipe ne s\u2019attend pas forc\u00e9ment. Quand j\u2019ai sign\u00e9 dans l\u2019\u00e9quipe, Vincent [Lavenu] m\u2019avait dit\u00a0: \u00ab\u00a0J\u2019aimerais qu\u2019on ne soit pas la derni\u00e8re \u00e9quipe du classement WorldTour\u00a0apr\u00e8s les Classiques. Il faut que tu prennes quelques points\u00a0\u00bb. Mais au vu de mes r\u00e9sultats, il a \u00e9t\u00e9 positivement surpris, moi aussi d\u2019ailleurs.<\/p>\n<p style=\"text-align: justify;\"><strong>Faire le Tour de France aupr\u00e8s de Romain Bardet en 2017 vous a-t-il encore davantage fait appr\u00e9cier l\u2019\u00e9v\u00e9nement ?<\/strong><\/p>\n<p style=\"text-align: justify;\">Je l\u2019aimais d\u00e9j\u00e0 beaucoup avant, et le Tour est la plus belle course du monde. Quand tu deviens coureur professionnel, tu r\u00eaves de participer aux plus grandes courses, dont celle-ci. Mais c\u2019est clair qu\u2019avec Romain Bardet, sous les couleurs d\u2019une \u00e9quipe fran\u00e7aise, c\u2019est encore plus important. Le Tour, c\u2019est la Champions\u2019 League. Pas le Giro.<\/p>\n<p style=\"text-align: justify;\"><strong>Sur le Tour, on vous a notamment remarqu\u00e9 dans l\u2019\u00e9tape des bordures o\u00f9 vous avez \u00ab\u00a0sauv\u00e9\u00a0\u00bb Romain Bardet. Quel souvenir en gardez-vous\u00a0?<\/strong><\/p>\n<p style=\"text-align: justify;\">L\u2019an pass\u00e9, l\u2019\u00e9quipe \u00e9tait compos\u00e9e de huit grimpeurs, et de moi. Il y avait quelques \u00e9tapes o\u00f9 le vent pouvait jouer un r\u00f4le et je savais que c\u2019\u00e9tait \u00e0 moi de jouer. J\u2019\u00e9tais d\u2019ailleurs stress\u00e9 avant le d\u00e9part, plus qu\u2019avant une Classique\u00a0! Je me suis dit\u00a0: \u00ab\u00a0Si l\u00e0 je me loupe, c\u2019est un tr\u00e8s gros probl\u00e8me\u00a0\u00bb. Heureusement, on a r\u00e9ussi \u00e0 ne jamais perdre de temps sur le plat. C\u2019\u00e9tait un r\u00f4le difficile pour moi, car je n\u2019avais pas vraiment ma chance, mais quand tu cours pour quelqu\u2019un qui peut faire podium du Tour, c\u2019est un sacrifice qu\u2019il faut faire, et je le fais avec le sourire.<\/p>\n<p style=\"text-align: justify;\"><strong>\u00cates-vous pr\u00eat \u00e0 remettre \u00e7a cette ann\u00e9e\u00a0?<\/strong><\/p>\n<p><img loading=\"lazy\" decoding=\"async\" class=\"wp-image-52377 alignleft\" src=\"http:\/\/cyclingpro.net\/velopro\/wp-content\/uploads\/2018\/01\/NAESEN_05_\u00a9Vincent-Curutchet.jpeg\" alt=\"\" width=\"250\" height=\"375\" srcset=\"https:\/\/cyclingpro.net\/velopro\/wp-content\/uploads\/2018\/01\/NAESEN_05_\u00a9Vincent-Curutchet.jpeg 682w, https:\/\/cyclingpro.net\/velopro\/wp-content\/uploads\/2018\/01\/NAESEN_05_\u00a9Vincent-Curutchet-200x300.jpeg 200w, https:\/\/cyclingpro.net\/velopro\/wp-content\/uploads\/2018\/01\/NAESEN_05_\u00a9Vincent-Curutchet-768x1154.jpeg 768w\" sizes=\"auto, (max-width: 250px) 100vw, 250px\" \/><\/p>\n<p style=\"text-align: justify;\">Oui, oui, bien s\u00fbr. J\u2019esp\u00e8re que je pourrai le faire, surtout avec l\u2019\u00e9tape de Roubaix.<\/p>\n<p style=\"text-align: justify;\"><strong>Avec votre carte \u00e0 jouer \u00e0 Roubaix\u00a0?<\/strong><\/p>\n<p style=\"text-align: justify;\">Ce ne serait pas bon signe pour l\u2019\u00e9quipe si je peux jouer ma carte. Cela voudrait dire que Romain n\u2019est pas en grande forme. J\u2019esp\u00e8re en tout cas qu\u2019on pourra prendre du temps aux autres concurrents du g\u00e9n\u00e9ral. Je pense que l\u2019on aura l\u2019une des formations les mieux \u00e9quip\u00e9es pour les \u00e9tapes de Classiques et les \u00e9tapes de montagne. Tous les coureurs du g\u00e9n\u00e9ral ont peur de cette \u00e9tape mais moi je pense que \u00e7a peut nous sourire. Romain est pr\u00eat pour \u00e7a, c\u2019est s\u00fbr.<\/p>\n<p style=\"text-align: justify;\"><strong>\u00c0 quoi va ressembler votre programme ces prochains mois\u00a0?<\/strong><\/p>\n<p style=\"text-align: justify;\">Je commencerai ma saison sur le Tour de la Communaut\u00e9 de Valence, puis il y aura la Ruta del Sol, le week-end d\u2019ouverture, Paris-Nice, Milan-San Remo, toutes les Classiques pav\u00e9es, l\u2019Amstel Gold Race, une coupure, le Tour de Californie, le Crit\u00e9rium du Dauphin\u00e9 et le Tour de France.<\/p>\n","protected":false},"excerpt":{"rendered":"<p>Une chose frappe d&#8217;embl\u00e9e lorsque l&rsquo;on converse avec Oliver Naesen. L&rsquo;homme est \u00e9panoui. Tr\u00e8s \u00e9panoui, m\u00eame. En constante progression depuis trois saisons, le coureur d&rsquo;AG2R-La Mondiale semble savourer chaque instant de sa carri\u00e8re, d\u00e9marr\u00e9e sur le tard, \u00e0 24 ans. Le natif d&rsquo;Ostende en a aujourd&rsquo;hui 27, et poss\u00e8de d\u00e9sormais quelques belles lignes \u00e0 son &hellip;<\/p>\n","protected":false},"author":5,"featured_media":52374,"comment_status":"open","ping_status":"open","sticky":false,"template":"","format":"standard","meta":{"footnotes":""},"categories":[27,17,8,15],"tags":[],"class_list":["post-52372","post","type-post","status-publish","format-standard","has-post-thumbnail","hentry","category-gros-bloc","category-une","category-interviews","category-route"],"_links":{"self":[{"href":"https:\/\/cyclingpro.net\/velopro\/wp-json\/wp\/v2\/posts\/52372","targetHints":{"allow":["GET"]}}],"collection":[{"href":"https:\/\/cyclingpro.net\/velopro\/wp-json\/wp\/v2\/posts"}],"about":[{"href":"https:\/\/cyclingpro.net\/velopro\/wp-json\/wp\/v2\/types\/post"}],"author":[{"embeddable":true,"href":"https:\/\/cyclingpro.net\/velopro\/wp-json\/wp\/v2\/users\/5"}],"replies":[{"embeddable":true,"href":"https:\/\/cyclingpro.net\/velopro\/wp-json\/wp\/v2\/comments?post=52372"}],"version-history":[{"count":0,"href":"https:\/\/cyclingpro.net\/velopro\/wp-json\/wp\/v2\/posts\/52372\/revisions"}],"wp:featuredmedia":[{"embeddable":true,"href":"https:\/\/cyclingpro.net\/velopro\/wp-json\/wp\/v2\/media\/52374"}],"wp:attachment":[{"href":"https:\/\/cyclingpro.net\/velopro\/wp-json\/wp\/v2\/media?parent=52372"}],"wp:term":[{"taxonomy":"category","embeddable":true,"href":"https:\/\/cyclingpro.net\/velopro\/wp-json\/wp\/v2\/categories?post=52372"},{"taxonomy":"post_tag","embeddable":true,"href":"https:\/\/cyclingpro.net\/velopro\/wp-json\/wp\/v2\/tags?post=52372"}],"curies":[{"name":"wp","href":"https:\/\/api.w.org\/{rel}","templated":true}]}}