{"id":52337,"date":"2018-01-30T09:12:53","date_gmt":"2018-01-30T08:12:53","guid":{"rendered":"http:\/\/cyclingpro.net\/velopro\/?p=52337"},"modified":"2018-01-30T09:16:48","modified_gmt":"2018-01-30T08:16:48","slug":"retour-a-linfirmerie-heinrich-haussler","status":"publish","type":"post","link":"https:\/\/cyclingpro.net\/velopro\/infirmerie\/retour-a-linfirmerie-heinrich-haussler\/","title":{"rendered":"Retour \u00e0 l&rsquo;infirmerie pour Heinrich Haussler"},"content":{"rendered":"<p style=\"text-align: justify;\">La malchance ne l\u00e2che plus Heinrich Haussler. De retour \u00e0 la comp\u00e9tition en fin de saison pass\u00e9e, apr\u00e8s une lourde blessure au genou l&rsquo;ayant \u00e9cart\u00e9 des pelotons pendant la quasi-totalit\u00e9 de l&rsquo;ann\u00e9e, Heinrich Haussler s&rsquo;appr\u00eatait \u00e0 reprendre 2018 sur des bases sereines. Mais voil\u00e0, un nouveau coup du sort a rattrap\u00e9 le coureur australien, lundi matin. Au cours d&rsquo;une session d&rsquo;entra\u00eenement intensive, il s&rsquo;est ainsi retrouv\u00e9 au sol et s&rsquo;est relev\u00e9 avec une fracture de la clavicule droite. L&rsquo;ancien vainqueur d&rsquo;\u00e9tape sur le Tour et la Vuelta se voit donc contraint de repousser sa reprise de plusieurs semaines.<\/p>\n<p style=\"text-align: justify;\"><em>\u00ab\u00a0J&rsquo;ai eu la chance d&rsquo;\u00eatre rapidement transport\u00e9 \u00e0 l&rsquo;h\u00f4pital et d&rsquo;y avoir \u00e9t\u00e9 bien trait\u00e9, mais malheureusement, la fracture a \u00e9t\u00e9 confirm\u00e9e<\/em>, a-t-il comment\u00e9. <em>Je suis plut\u00f4t confiant et d\u00e9termin\u00e9 \u00e0 revenir le v\u00e9lo tr\u00e8s bient\u00f4t. Ma forme \u00e9tait tr\u00e8s bonne, ayant pass\u00e9 un tr\u00e8s bon stage avec l&rsquo;\u00e9quipe ces derni\u00e8res semaines \u00e0 Calpe. Le seul point n\u00e9gatif est que je ne peux pas, maintenant, \u00eatre pr\u00e9sent avec l&rsquo;\u00e9quipe et courir \u00e0 Duba\u00ef. Je suis convaincu que c&rsquo;est juste un petit contre-temps en comparaison de ce que j&rsquo;ai travers\u00e9 l&rsquo;ann\u00e9e derni\u00e8re. Je ne suis pas vraiment inquiet, j&rsquo;ai \u00e9t\u00e9 un peu malheureux, mais ma d\u00e9termination est plus forte que jamais, et je serai bient\u00f4t de retour.\u00a0\u00bb<\/em><\/p>\n<p style=\"text-align: justify;\">Apr\u00e8s n&rsquo;avoir disput\u00e9 que 12 jours de course en 2017, Haussler devrait manquer les deux prochains mois de comp\u00e9tition. Son manager Brent Copeland a \u00e9galement gliss\u00e9 quelques mots :<em> \u00ab\u00a0Il\u00a0est tr\u00e8s regrettable que Heinrich ait chut\u00e9 \u00e0 cette p\u00e9riode de la saison, car sa condition physique commen\u00e7ait \u00e0 \u00eatre tr\u00e8s bonne et le personnel m\u00e9dical ainsi que le personnel technique \u00e9taient tr\u00e8s satisfaits de ses progr\u00e8s, mais comme nous aimons toujours regarder le bon c\u00f4t\u00e9 des choses, il est encore t\u00f4t dans la saison et une fois l&rsquo;op\u00e9ration termin\u00e9e, nous sommes s\u00fbrs que Heinrich sera apte \u00e0 reprendre la comp\u00e9tition d\u00e8s que le personnel m\u00e9dical lui donnera le feu vert. Il est d\u00e9termin\u00e9 et positif, comme toujours, et c&rsquo;est ce qui nous fait croire qu&rsquo;il sera de retour avec les meilleurs d\u00e8s qu&rsquo;il sera r\u00e9tabli !\u00a0\u00bb<\/em><\/p>\n","protected":false},"excerpt":{"rendered":"<p>La malchance ne l\u00e2che plus Heinrich Haussler. De retour \u00e0 la comp\u00e9tition en fin de saison pass\u00e9e, apr\u00e8s une lourde blessure au genou l&rsquo;ayant \u00e9cart\u00e9 des pelotons pendant la quasi-totalit\u00e9 de l&rsquo;ann\u00e9e, Heinrich Haussler s&rsquo;appr\u00eatait \u00e0 reprendre 2018 sur des bases sereines. Mais voil\u00e0, un nouveau coup du sort a rattrap\u00e9 le coureur australien, lundi &hellip;<\/p>\n","protected":false},"author":5,"featured_media":52340,"comment_status":"open","ping_status":"open","sticky":false,"template":"","format":"standard","meta":{"footnotes":""},"categories":[11,41,15],"tags":[],"class_list":["post-52337","post","type-post","status-publish","format-standard","has-post-thumbnail","hentry","category-news-niveau-2","category-infirmerie","category-route"],"_links":{"self":[{"href":"https:\/\/cyclingpro.net\/velopro\/wp-json\/wp\/v2\/posts\/52337","targetHints":{"allow":["GET"]}}],"collection":[{"href":"https:\/\/cyclingpro.net\/velopro\/wp-json\/wp\/v2\/posts"}],"about":[{"href":"https:\/\/cyclingpro.net\/velopro\/wp-json\/wp\/v2\/types\/post"}],"author":[{"embeddable":true,"href":"https:\/\/cyclingpro.net\/velopro\/wp-json\/wp\/v2\/users\/5"}],"replies":[{"embeddable":true,"href":"https:\/\/cyclingpro.net\/velopro\/wp-json\/wp\/v2\/comments?post=52337"}],"version-history":[{"count":0,"href":"https:\/\/cyclingpro.net\/velopro\/wp-json\/wp\/v2\/posts\/52337\/revisions"}],"wp:featuredmedia":[{"embeddable":true,"href":"https:\/\/cyclingpro.net\/velopro\/wp-json\/wp\/v2\/media\/52340"}],"wp:attachment":[{"href":"https:\/\/cyclingpro.net\/velopro\/wp-json\/wp\/v2\/media?parent=52337"}],"wp:term":[{"taxonomy":"category","embeddable":true,"href":"https:\/\/cyclingpro.net\/velopro\/wp-json\/wp\/v2\/categories?post=52337"},{"taxonomy":"post_tag","embeddable":true,"href":"https:\/\/cyclingpro.net\/velopro\/wp-json\/wp\/v2\/tags?post=52337"}],"curies":[{"name":"wp","href":"https:\/\/api.w.org\/{rel}","templated":true}]}}