{"id":52277,"date":"2018-01-29T11:21:10","date_gmt":"2018-01-29T10:21:10","guid":{"rendered":"http:\/\/cyclingpro.net\/velopro\/?p=52277"},"modified":"2018-01-29T11:26:48","modified_gmt":"2018-01-29T10:26:48","slug":"odd-christian-eiking-debut-de-saison-ideal","status":"publish","type":"post","link":"https:\/\/cyclingpro.net\/velopro\/course\/grand-prix-douverture-la-marseillaise\/odd-christian-eiking-debut-de-saison-ideal\/","title":{"rendered":"Odd Christian Eiking : \u00ab\u00a0Un d\u00e9but de saison id\u00e9al\u00a0\u00bb"},"content":{"rendered":"<p style=\"text-align: justify;\">Il avait quitt\u00e9 la FDJ en mauvais termes, exclu \u00e0 l&rsquo;aube de la derni\u00e8re \u00e9tape du Tour d&rsquo;Espagne apr\u00e8s une soir\u00e9e un peu trop arros\u00e9e. Il d\u00e9barque chez Wanty-Groupe Gobert de la meilleure des mani\u00e8res, un podium en poche d\u00e8s sa toute premi\u00e8re course. Dimanche, Odd Christian Eiking a fait honneur \u00e0 ses toutes nouvelles couleurs en allant chercher la deuxi\u00e8me place du Grand Prix d&rsquo;ouverture La Marseillaise. Dans le sprint final, le jeune Norv\u00e9gien de 23 ans s&rsquo;est intercal\u00e9 entre Alexandre Geniez (AG2R-La Mondiale) et Lilian Calmejane (Direct Energie), r\u00e9alisant ainsi sa deuxi\u00e8me meilleure performance en carri\u00e8re apr\u00e8s sa victoire l&rsquo;an pass\u00e9 sur une autre manche de la Coupe de France, les Boucles de l&rsquo;Aulne.<\/p>\n<p class=\"text-align-justify\" style=\"text-align: justify;\"><em>\u00ab\u00a0Nous avons entam\u00e9 le final vallonn\u00e9 avec huit coureurs, dont Bardet, Gallopin et Guillaume Martin<\/em>, a racont\u00e9 Eiking \u00e0 son arriv\u00e9e. <em>Ca n\u2019a pas arr\u00eat\u00e9 d\u2019attaquer. Avec Guillaume, nous avons bien communiqu\u00e9 et avons attaqu\u00e9 chacun \u00e0 notre tour. Finalement, la victoire s\u2019est jou\u00e9e au sprint. J\u2019ai d\u00fb conc\u00e9der une roue \u00e0 Alexandre Geniez. Ce podium constitue un d\u00e9but de saison id\u00e9al, m\u00eame si j\u2019aurais pr\u00e9f\u00e9r\u00e9 offrir la victoire \u00e0 Wanty-Groupe Gobert \u00bb.\u00a0<\/em>Il s&rsquo;agit en tous les cas d&rsquo;un d\u00e9marrage tr\u00e8s encourageant qui pourrait l&rsquo;amener \u00e0 prendre davantage de poids au sein de la structure belge au cours des mois \u00e0 venir.<em> \u00ab\u00a0Je n\u2019ai jamais commenc\u00e9 la saison si fort ! Je me sens tr\u00e8s bien, et j\u2019esp\u00e8re que mes sensations vont encore s\u2019am\u00e9liorer dans les prochaines semaines. La prestation collective donne aussi confiance pour les prochaines courses\u00a0\u00bb<\/em>, a-t-il conclu.<\/p>\n<p style=\"text-align: justify;\">L&rsquo;ancien pensionnaire du Team Joker s&rsquo;envolera prochainement pour le Tour d&rsquo;Oman o\u00f9 il esp\u00e8re r\u00e9aliser un bon classement g\u00e9n\u00e9ral.<\/p>\n","protected":false},"excerpt":{"rendered":"<p>Il avait quitt\u00e9 la FDJ en mauvais termes, exclu \u00e0 l&rsquo;aube de la derni\u00e8re \u00e9tape du Tour d&rsquo;Espagne apr\u00e8s une soir\u00e9e un peu trop arros\u00e9e. Il d\u00e9barque chez Wanty-Groupe Gobert de la meilleure des mani\u00e8res, un podium en poche d\u00e8s sa toute premi\u00e8re course. Dimanche, Odd Christian Eiking a fait honneur \u00e0 ses toutes nouvelles &hellip;<\/p>\n","protected":false},"author":5,"featured_media":52281,"comment_status":"open","ping_status":"open","sticky":false,"template":"","format":"standard","meta":{"footnotes":""},"categories":[11,218,15,37],"tags":[],"class_list":["post-52277","post","type-post","status-publish","format-standard","has-post-thumbnail","hentry","category-news-niveau-2","category-grand-prix-douverture-la-marseillaise","category-route","category-tour-of-oman"],"_links":{"self":[{"href":"https:\/\/cyclingpro.net\/velopro\/wp-json\/wp\/v2\/posts\/52277","targetHints":{"allow":["GET"]}}],"collection":[{"href":"https:\/\/cyclingpro.net\/velopro\/wp-json\/wp\/v2\/posts"}],"about":[{"href":"https:\/\/cyclingpro.net\/velopro\/wp-json\/wp\/v2\/types\/post"}],"author":[{"embeddable":true,"href":"https:\/\/cyclingpro.net\/velopro\/wp-json\/wp\/v2\/users\/5"}],"replies":[{"embeddable":true,"href":"https:\/\/cyclingpro.net\/velopro\/wp-json\/wp\/v2\/comments?post=52277"}],"version-history":[{"count":0,"href":"https:\/\/cyclingpro.net\/velopro\/wp-json\/wp\/v2\/posts\/52277\/revisions"}],"wp:featuredmedia":[{"embeddable":true,"href":"https:\/\/cyclingpro.net\/velopro\/wp-json\/wp\/v2\/media\/52281"}],"wp:attachment":[{"href":"https:\/\/cyclingpro.net\/velopro\/wp-json\/wp\/v2\/media?parent=52277"}],"wp:term":[{"taxonomy":"category","embeddable":true,"href":"https:\/\/cyclingpro.net\/velopro\/wp-json\/wp\/v2\/categories?post=52277"},{"taxonomy":"post_tag","embeddable":true,"href":"https:\/\/cyclingpro.net\/velopro\/wp-json\/wp\/v2\/tags?post=52277"}],"curies":[{"name":"wp","href":"https:\/\/api.w.org\/{rel}","templated":true}]}}