{"id":52198,"date":"2018-01-28T15:55:50","date_gmt":"2018-01-28T14:55:50","guid":{"rendered":"http:\/\/cyclingpro.net\/velopro\/?p=52198"},"modified":"2018-01-28T20:04:53","modified_gmt":"2018-01-28T19:04:53","slug":"gp-marseillaise-alexandre-geniez-demarre-fanfarre","status":"publish","type":"post","link":"https:\/\/cyclingpro.net\/velopro\/course\/grand-prix-douverture-la-marseillaise\/gp-marseillaise-alexandre-geniez-demarre-fanfarre\/","title":{"rendered":"GP La Marseillaise : Alexandre Geniez d\u00e9marre en fanfare"},"content":{"rendered":"<p><em>Alexandre Geniez (AG2R La Mondiale) s&rsquo;est impos\u00e9 sur le Grand Prix d&rsquo;ouverture La Marseillaise. L&rsquo;\u00e9quipe AG2R La Mondiale \u00e9tait venue avec une armada et les terres et ciels ont domin\u00e9 la course. Parmi les favoris, Geniez \u00e9tait parmi les premiers \u00e0 attaquer, d\u00e8s le passage du col de la Route des Cr\u00eates. Odd Christian Eiking (Wanty &#8211; Groupe Gobert) est deuxi\u00e8me et Lilian Calmejane (Direct Energie), lui aussi tr\u00e8s actif dans le final, compl\u00e8te le podium.<\/em><\/p>\n<p>La premi\u00e8re \u00e9chapp\u00e9e part d&rsquo;entr\u00e9e. Elle se compose de six coureurs : Evaldas \u0160i\u0161kevi\u010dius (Delko &#8211; Marseille Provence &#8211; KTM), Dries De Bondt (V\u00e9randas Willems &#8211; Crelan), Brecht Ruyters (Cibel &#8211; Cebon),\u00a0Iltjan Nika (Amore &amp; Vita &#8211; Prodir), Tom Dernies et Emiel Vermeulen (Roubaix &#8211; Lille M\u00e9tropole) mais l&rsquo;Albanais Nika perd contact rapidement. Apr\u00e8s 15 kilom\u00e8tres de course, l&rsquo;\u00e9chapp\u00e9e compte plus de 5&prime; d&rsquo;avance. Le peloton se met alors en branle pour stabiliser l&rsquo;\u00e9cart.<\/p>\n<p>\u00c0 mi-parcours, c&rsquo;est le fameux Col de l&rsquo;Espigoulier, qui servira d&rsquo;arriv\u00e9e pour l&rsquo;\u00e9tape reine du prochain Tour La Provence (8-11 f\u00e9vrier). L&rsquo;Espigoulier est fatal \u00e0 Vermeulen. Plus que quatre coureurs en t\u00eate. Lorsque les coureurs arrivent \u00e0 G\u00e9menos, \u00e0 la fin de la descente, le groupe de t\u00eate compte encore 4&prime; d&rsquo;avance alors que Vermeulen est aval\u00e9 par le peloton.<\/p>\n<p>Sur la Route des Cr\u00eates, sous l&rsquo;impulsion notamment des AG2R La Mondiale, le peloton explose. L&rsquo;\u00e9chapp\u00e9e est vite reprise et deux coureurs partent \u00e0 l&rsquo;avant : Lilian Calmejane (Direct Energie) et Alexandre Geniez (AG2R La Mondiale). Tony Gallopin (AG2R La Mondiale) fait le jump. Trois coureurs en t\u00eate. Derri\u00e8re on retrouve six poursuivants : Valentin Madouas (FDJ), Romain Bardet (AG2R La Mondiale), Jes\u00fas Herrada (Cofidis), R\u00e9my Di Gr\u00e9gorio (Delko &#8211; Marseille Provence &#8211; KTM), Guillaume Martin et Odd Christian Eiking (Wanty &#8211; Groupe Gobert).\u00a0\u00c0 la fin de la descente l&rsquo;\u00e9cart entre le trio de t\u00eate et les six poursuivants n&rsquo;est que de 10 secondes. La jonction s&rsquo;effectue juste avant le pied de la derni\u00e8re ascension. 9 coureurs en t\u00eate.<\/p>\n<p>C&rsquo;est ensuite un peloton d&rsquo;une trentaine d&rsquo;unit\u00e9s qui est sur le point de revenir sur la t\u00eate au pied de la Gineste. Romain Bardet (AG2R La Mondiale) attaque imm\u00e9diatement, en compagnie de son co\u00e9quipier Tony Gallopin et de Odd Christian Eiking. Derri\u00e8re les trois coureurs de t\u00eate, on retrouve quatre coureurs en poursuite : Lilian Calmejane, Jes\u00fas Herrada, Guillaume Martin et R\u00e9mi Di Gr\u00e9gorio. Derri\u00e8re, rideau ! Le peloton ne r\u00e9agit pas, il n&rsquo;y a pas d&rsquo;\u00e9quipes pour mener la chasse.<\/p>\n<p>Dans le groupe de poursuite Herrada fait l&rsquo;effort et ram\u00e8ne les quatre poursuivants malgr\u00e9 une tentative de Tony Gallopin. 7 coureurs en t\u00eate et m\u00eame 9 puisque Valentin Madouas et Alexandre Geniez rentrent \u00e9galement. Il y a de nombreuses attaques dans le groupe de t\u00eate mais \u00e7a ne part pas. Les 9 basculent ensemble au sommet et ils restent ensemble durant la descente et jusqu&rsquo;\u00e0 l&rsquo;entr\u00e9e de Marseille.<\/p>\n<p>Calmejane attaque \u00e0 2 kilom\u00e8tres de l&rsquo;arriv\u00e9e alors que l&rsquo;\u00e9chapp\u00e9e venait de se scinder en deux groupes mais \u00e7a se reforme. Di Gr\u00e9gorio attaque \u00e0 son tour dans le dernier kilom\u00e8tre mais \u00e7a ne veut pas. C&rsquo;est un tr\u00e8s long sprint qui est lanc\u00e9 et c&rsquo;est finalement Alexandre Geniez qui prend le dessus sur tout le monde devant l&rsquo;Orange V\u00e9lodrome. Il devance Eiking et Calmejane.<\/p>\n<p><strong>Classement :\u00a0<\/strong><br \/>\n1. Alexandre Geniez (AG2R La Mondiale) en 3h47&rsquo;21<br \/>\n2. Odd Christian Eiking (Wanty &#8211; Groupe Gobert)<br \/>\n3. Lilian Calmejane (Direct Energie)<br \/>\n4.\u00a0Jes\u00fas Herrada (Cofidis)<br \/>\n5. Guillaume Martin (Wanty &#8211; Groupe Gobert) \u00e0 0&rsquo;02<br \/>\n6. R\u00e9mi Di Gr\u00e9gorio (Delko &#8211; Marseille Provence &#8211; KTM) \u00e0 0&rsquo;03<br \/>\n7. Valentin Madouas (FDJ) \u00e0 0&rsquo;04<br \/>\n8. Romain Bardet (AG2R La Mondiale)<br \/>\n9. Tony Gallopin (AG2R La Mondiale) \u00e0 0&rsquo;13<br \/>\n10. Dimitri Claeys (Cofidis) \u00e0 1&rsquo;52<\/p>\n","protected":false},"excerpt":{"rendered":"<p>Alexandre Geniez (AG2R La Mondiale) s&rsquo;est impos\u00e9 sur le Grand Prix d&rsquo;ouverture La Marseillaise. L&rsquo;\u00e9quipe AG2R La Mondiale \u00e9tait venue avec une armada et les terres et ciels ont domin\u00e9 la course. Parmi les favoris, Geniez \u00e9tait parmi les premiers \u00e0 attaquer, d\u00e8s le passage du col de la Route des Cr\u00eates. Odd Christian Eiking &hellip;<\/p>\n","protected":false},"author":4,"featured_media":52226,"comment_status":"open","ping_status":"open","sticky":false,"template":"","format":"standard","meta":{"footnotes":""},"categories":[27,17,218,14,15],"tags":[],"class_list":["post-52198","post","type-post","status-publish","format-standard","has-post-thumbnail","hentry","category-gros-bloc","category-une","category-grand-prix-douverture-la-marseillaise","category-resultats","category-route"],"_links":{"self":[{"href":"https:\/\/cyclingpro.net\/velopro\/wp-json\/wp\/v2\/posts\/52198","targetHints":{"allow":["GET"]}}],"collection":[{"href":"https:\/\/cyclingpro.net\/velopro\/wp-json\/wp\/v2\/posts"}],"about":[{"href":"https:\/\/cyclingpro.net\/velopro\/wp-json\/wp\/v2\/types\/post"}],"author":[{"embeddable":true,"href":"https:\/\/cyclingpro.net\/velopro\/wp-json\/wp\/v2\/users\/4"}],"replies":[{"embeddable":true,"href":"https:\/\/cyclingpro.net\/velopro\/wp-json\/wp\/v2\/comments?post=52198"}],"version-history":[{"count":0,"href":"https:\/\/cyclingpro.net\/velopro\/wp-json\/wp\/v2\/posts\/52198\/revisions"}],"wp:featuredmedia":[{"embeddable":true,"href":"https:\/\/cyclingpro.net\/velopro\/wp-json\/wp\/v2\/media\/52226"}],"wp:attachment":[{"href":"https:\/\/cyclingpro.net\/velopro\/wp-json\/wp\/v2\/media?parent=52198"}],"wp:term":[{"taxonomy":"category","embeddable":true,"href":"https:\/\/cyclingpro.net\/velopro\/wp-json\/wp\/v2\/categories?post=52198"},{"taxonomy":"post_tag","embeddable":true,"href":"https:\/\/cyclingpro.net\/velopro\/wp-json\/wp\/v2\/tags?post=52198"}],"curies":[{"name":"wp","href":"https:\/\/api.w.org\/{rel}","templated":true}]}}