{"id":51718,"date":"2018-01-23T10:16:43","date_gmt":"2018-01-23T09:16:43","guid":{"rendered":"http:\/\/cyclingpro.net\/velopro\/?p=51718"},"modified":"2018-01-23T10:17:24","modified_gmt":"2018-01-23T09:17:24","slug":"tour-flandres-david-lappartient-boycottera","status":"publish","type":"post","link":"https:\/\/cyclingpro.net\/velopro\/course\/ronde-van-vlaanderen\/tour-flandres-david-lappartient-boycottera\/","title":{"rendered":"Tour des Flandres : David Lappartient boycottera"},"content":{"rendered":"<p>La pr\u00e9sence du Pr\u00e9sident de l&rsquo;Union Cycliste Internationale sur les plus grandes courses d&rsquo;un jour n&rsquo;est pas une n\u00e9cessit\u00e9 absolue mais elle est toujours tr\u00e8s appr\u00e9ci\u00e9e. Hein Verbruggen, Pat McQuaid et Brian Cookson avait donc l&rsquo;habitude d&rsquo;aller sur le Tour des Flandres et en tant que tout nouveau Pr\u00e9sident de l&rsquo;UCI, David Lappartient y \u00e9tait \u00e9galement attendu le 1e avril prochain. Mais le Fran\u00e7ais ne fera pas le d\u00e9placement.<\/p>\n<p><em>\u00ab\u00a0Je ne suis pas content et je l&rsquo;ai fait savoir \u00e0 Wouter Vandenhaute (le patron de Flanders Classics, ndlr). Je n&rsquo;assisterai pas au Tour des Flandres\u00a0\u00bb\u00a0<\/em>a fait savoir Lappartient, lorsqu&rsquo;il \u00e9tait en Australie, en marge du Tour Down Under. La raison, c&rsquo;est bien s\u00fbr la pr\u00e9sence de Lance Armstrong comme conf\u00e9rencier \u00e0 un s\u00e9minaire organis\u00e9 par Flanders Classics en marge du Tour des Flandres. \u00ab\u00a0<em>Je<\/em><em>\u00a0ne peux pas confisquer son passeport\u00a0<\/em><em>et l&#8217;emp\u00eacher de venir en Belgique. Je comprends qu&rsquo;il puisse \u00eatre invit\u00e9 \u00e0 une conf\u00e9rence<\/em><em>\u00a0mais ce n&rsquo;est pas l&rsquo;image qu&rsquo;on veut que le cyclisme renvoie. On veut promouvoir un sport propre et Armstrong n&rsquo;en est pas l&rsquo;image\u00a0\u00bb .\u00a0<\/em><\/p>\n<p>La conf\u00e9rence se d\u00e9roulera le vendredi (<a href=\"http:\/\/cyclingpro.net\/velopro\/dopage\/lance-armstrong-invite-dhonneur-tour-flandres-drole-didee-de-flanders-classics\/\">lire ici<\/a>). Elle est donc suffisamment d\u00e9tach\u00e9e de la course pour que cela ne viole pas la suspension \u00e0 vie de l&rsquo;am\u00e9ricain. L&rsquo;an pass\u00e9, il devait animer un podcast en marge de la Colorado Classic mais l&rsquo;USADA (agence am\u00e9ricaine antidopage) avait menac\u00e9 l&rsquo;organisateur de sanctions pr\u00e9tendants que la participation d&rsquo;Armstrong au podcast \u00e9tait interdite.<\/p>\n","protected":false},"excerpt":{"rendered":"<p>La pr\u00e9sence du Pr\u00e9sident de l&rsquo;Union Cycliste Internationale sur les plus grandes courses d&rsquo;un jour n&rsquo;est pas une n\u00e9cessit\u00e9 absolue mais elle est toujours tr\u00e8s appr\u00e9ci\u00e9e. Hein Verbruggen, Pat McQuaid et Brian Cookson avait donc l&rsquo;habitude d&rsquo;aller sur le Tour des Flandres et en tant que tout nouveau Pr\u00e9sident de l&rsquo;UCI, David Lappartient y \u00e9tait &hellip;<\/p>\n","protected":false},"author":4,"featured_media":46793,"comment_status":"open","ping_status":"open","sticky":false,"template":"","format":"standard","meta":{"footnotes":""},"categories":[12,15,71],"tags":[],"class_list":["post-51718","post","type-post","status-publish","format-standard","has-post-thumbnail","hentry","category-non-classe","category-route","category-ronde-van-vlaanderen"],"_links":{"self":[{"href":"https:\/\/cyclingpro.net\/velopro\/wp-json\/wp\/v2\/posts\/51718","targetHints":{"allow":["GET"]}}],"collection":[{"href":"https:\/\/cyclingpro.net\/velopro\/wp-json\/wp\/v2\/posts"}],"about":[{"href":"https:\/\/cyclingpro.net\/velopro\/wp-json\/wp\/v2\/types\/post"}],"author":[{"embeddable":true,"href":"https:\/\/cyclingpro.net\/velopro\/wp-json\/wp\/v2\/users\/4"}],"replies":[{"embeddable":true,"href":"https:\/\/cyclingpro.net\/velopro\/wp-json\/wp\/v2\/comments?post=51718"}],"version-history":[{"count":0,"href":"https:\/\/cyclingpro.net\/velopro\/wp-json\/wp\/v2\/posts\/51718\/revisions"}],"wp:featuredmedia":[{"embeddable":true,"href":"https:\/\/cyclingpro.net\/velopro\/wp-json\/wp\/v2\/media\/46793"}],"wp:attachment":[{"href":"https:\/\/cyclingpro.net\/velopro\/wp-json\/wp\/v2\/media?parent=51718"}],"wp:term":[{"taxonomy":"category","embeddable":true,"href":"https:\/\/cyclingpro.net\/velopro\/wp-json\/wp\/v2\/categories?post=51718"},{"taxonomy":"post_tag","embeddable":true,"href":"https:\/\/cyclingpro.net\/velopro\/wp-json\/wp\/v2\/tags?post=51718"}],"curies":[{"name":"wp","href":"https:\/\/api.w.org\/{rel}","templated":true}]}}