{"id":5019,"date":"2017-03-01T12:05:05","date_gmt":"2017-03-01T11:05:05","guid":{"rendered":"http:\/\/cyclingpro.net\/velopro\/?p=5019"},"modified":"2017-03-01T12:05:05","modified_gmt":"2017-03-01T11:05:05","slug":"strade-bianche-deux-hommes-forts-cannondale","status":"publish","type":"post","link":"https:\/\/cyclingpro.net\/velopro\/course\/strade-bianche\/strade-bianche-deux-hommes-forts-cannondale\/","title":{"rendered":"Strade Bianche\u00a0: Deux hommes forts pour Cannondale"},"content":{"rendered":"<p>La formation Cannondale-Drapac s&rsquo;appuiera sur deux leaders pour les Strade Bianche samedi. Rigoberto Uran sera l&rsquo;un d&rsquo;entre eux, lui qui avait termin\u00e9 septi\u00e8me lors de sa derni\u00e8re participation en 2015. Il faudra aussi compter sur Sep Vanmarcke, troisi\u00e8me de l&rsquo;Omloop Het Nieuwsblad samedi dernier, et qui esp\u00e8re bien jouer devant. <i>\u00ab\u00a0C&rsquo;est une course sp\u00e9ciale car elle est h\u00e9ro\u00efque, m\u00eame si elle n&rsquo;existe que depuis 2007,<\/i> explique celui qui avait termin\u00e9 quatri\u00e8me en 2015 pour sa seule participation. <i>C&rsquo;est sp\u00e9cial de courir sur les routes de gravier et c&rsquo;est un tr\u00e8s beau parcours, tr\u00e8s dur. J&rsquo;y roule comme sur une classique pav\u00e9e. C&rsquo;est important de commencer les secteurs dans les premi\u00e8res positions parce que sur les secteurs de gravier, le peloton va s&rsquo;\u00e9tirer. Aussi avec des crevaisons et des chutes, il est tr\u00e8s important de rester concentr\u00e9 du d\u00e9but \u00e0 la fin.\u00a0\u00bb<\/i><\/p>\n<p>Il y aura \u00e9galement de bons \u00e9quipiers avec notamment Sebastian Langeveld, Dylan van Baarle ou encore Simon Clarke. Rigoberto Uran jouera d&rsquo;ailleurs les prolongations en Italie puisqu&rsquo;il sera \u00e0 la t\u00eate de l&rsquo;\u00e9quipe qui prendre part au Grand Prix de l&rsquo;Industrie et de l&rsquo;Artisanat \u00e0 Larciano, quelques jours avant de se rendre au d\u00e9part de Tirreno-Adriatico.<\/p>\n<p><span style=\"text-decoration: underline;\">Cannondale-Drapac pour les Strade Bianche<\/span> : Alberto Bettiol,\u00a0Simon Clarke,\u00a0Alex Howes,\u00a0Sebastian Langeveld,\u00a0Toms Skujins,\u00a0Rigoberto Uran,\u00a0Dylan Van Baarle,\u00a0Sep Vanmarcke<\/p>\n<p><span style=\"text-decoration: underline;\">Cannondale-Drapac pour le Grand Premio Industria &amp; Artigianato<\/span> :\u00a0Alberto Bettiol,\u00a0Nathan Brown,\u00a0Simon Clarke, Alex Howes,\u00a0Toms Skujins,\u00a0Rigoberto Uran<\/p>\n<p>&nbsp;<\/p>\n","protected":false},"excerpt":{"rendered":"<p>La formation Cannondale-Drapac s&rsquo;appuiera sur deux leaders pour les Strade Bianche samedi. Rigoberto Uran sera l&rsquo;un d&rsquo;entre eux, lui qui avait termin\u00e9 septi\u00e8me lors de sa derni\u00e8re participation en 2015. Il faudra aussi compter sur Sep Vanmarcke, troisi\u00e8me de l&rsquo;Omloop Het Nieuwsblad samedi dernier, et qui esp\u00e8re bien jouer devant. \u00ab\u00a0C&rsquo;est une course sp\u00e9ciale car &hellip;<\/p>\n","protected":false},"author":3,"featured_media":4165,"comment_status":"open","ping_status":"open","sticky":false,"template":"","format":"standard","meta":{"footnotes":""},"categories":[12,26,15,69],"tags":[],"class_list":["post-5019","post","type-post","status-publish","format-standard","has-post-thumbnail","hentry","category-non-classe","category-compositions","category-route","category-strade-bianche"],"_links":{"self":[{"href":"https:\/\/cyclingpro.net\/velopro\/wp-json\/wp\/v2\/posts\/5019","targetHints":{"allow":["GET"]}}],"collection":[{"href":"https:\/\/cyclingpro.net\/velopro\/wp-json\/wp\/v2\/posts"}],"about":[{"href":"https:\/\/cyclingpro.net\/velopro\/wp-json\/wp\/v2\/types\/post"}],"author":[{"embeddable":true,"href":"https:\/\/cyclingpro.net\/velopro\/wp-json\/wp\/v2\/users\/3"}],"replies":[{"embeddable":true,"href":"https:\/\/cyclingpro.net\/velopro\/wp-json\/wp\/v2\/comments?post=5019"}],"version-history":[{"count":0,"href":"https:\/\/cyclingpro.net\/velopro\/wp-json\/wp\/v2\/posts\/5019\/revisions"}],"wp:featuredmedia":[{"embeddable":true,"href":"https:\/\/cyclingpro.net\/velopro\/wp-json\/wp\/v2\/media\/4165"}],"wp:attachment":[{"href":"https:\/\/cyclingpro.net\/velopro\/wp-json\/wp\/v2\/media?parent=5019"}],"wp:term":[{"taxonomy":"category","embeddable":true,"href":"https:\/\/cyclingpro.net\/velopro\/wp-json\/wp\/v2\/categories?post=5019"},{"taxonomy":"post_tag","embeddable":true,"href":"https:\/\/cyclingpro.net\/velopro\/wp-json\/wp\/v2\/tags?post=5019"}],"curies":[{"name":"wp","href":"https:\/\/api.w.org\/{rel}","templated":true}]}}