{"id":50081,"date":"2017-12-30T14:21:35","date_gmt":"2017-12-30T13:21:35","guid":{"rendered":"http:\/\/cyclingpro.net\/velopro\/?p=50081"},"modified":"2017-12-30T14:34:09","modified_gmt":"2017-12-30T13:34:09","slug":"dylan-page-continentale-malaisienne","status":"publish","type":"post","link":"https:\/\/cyclingpro.net\/velopro\/mercato\/dylan-page-continentale-malaisienne\/","title":{"rendered":"Dylan Page dans une Continentale malaisienne"},"content":{"rendered":"<p>Dylan Page \u00e9voluera l&rsquo;an prochain au niveau Continentale sur le circuit asiatique. Apr\u00e8s une ann\u00e9e chez Caja Rural &#8211; RGA, le Suisse int\u00e9grera l&rsquo;\u00e9quipe malaisienne Team Sapura Cycling. \u00c2g\u00e9 de tout juste 24 ans, Page \u00e9tait pass\u00e9 pro chez Roth en 2015.<\/p>\n","protected":false},"excerpt":{"rendered":"<p>Dylan Page \u00e9voluera l&rsquo;an prochain au niveau Continentale sur le circuit asiatique. Apr\u00e8s une ann\u00e9e chez Caja Rural &#8211; RGA, le Suisse int\u00e9grera l&rsquo;\u00e9quipe malaisienne Team Sapura Cycling. \u00c2g\u00e9 de tout juste 24 ans, Page \u00e9tait pass\u00e9 pro chez Roth en 2015.<\/p>\n","protected":false},"author":4,"featured_media":50083,"comment_status":"open","ping_status":"open","sticky":false,"template":"","format":"standard","meta":{"footnotes":""},"categories":[12,15,10],"tags":[],"class_list":["post-50081","post","type-post","status-publish","format-standard","has-post-thumbnail","hentry","category-non-classe","category-route","category-mercato"],"_links":{"self":[{"href":"https:\/\/cyclingpro.net\/velopro\/wp-json\/wp\/v2\/posts\/50081","targetHints":{"allow":["GET"]}}],"collection":[{"href":"https:\/\/cyclingpro.net\/velopro\/wp-json\/wp\/v2\/posts"}],"about":[{"href":"https:\/\/cyclingpro.net\/velopro\/wp-json\/wp\/v2\/types\/post"}],"author":[{"embeddable":true,"href":"https:\/\/cyclingpro.net\/velopro\/wp-json\/wp\/v2\/users\/4"}],"replies":[{"embeddable":true,"href":"https:\/\/cyclingpro.net\/velopro\/wp-json\/wp\/v2\/comments?post=50081"}],"version-history":[{"count":0,"href":"https:\/\/cyclingpro.net\/velopro\/wp-json\/wp\/v2\/posts\/50081\/revisions"}],"wp:featuredmedia":[{"embeddable":true,"href":"https:\/\/cyclingpro.net\/velopro\/wp-json\/wp\/v2\/media\/50083"}],"wp:attachment":[{"href":"https:\/\/cyclingpro.net\/velopro\/wp-json\/wp\/v2\/media?parent=50081"}],"wp:term":[{"taxonomy":"category","embeddable":true,"href":"https:\/\/cyclingpro.net\/velopro\/wp-json\/wp\/v2\/categories?post=50081"},{"taxonomy":"post_tag","embeddable":true,"href":"https:\/\/cyclingpro.net\/velopro\/wp-json\/wp\/v2\/tags?post=50081"}],"curies":[{"name":"wp","href":"https:\/\/api.w.org\/{rel}","templated":true}]}}