{"id":49787,"date":"2017-12-27T14:12:47","date_gmt":"2017-12-27T13:12:47","guid":{"rendered":"http:\/\/cyclingpro.net\/velopro\/?p=49787"},"modified":"2017-12-27T14:15:51","modified_gmt":"2017-12-27T13:15:51","slug":"gianluca-brambilla-leader-de-trek-segafredo-giro","status":"publish","type":"post","link":"https:\/\/cyclingpro.net\/velopro\/course\/giro-ditalia-tour-italie\/gianluca-brambilla-leader-de-trek-segafredo-giro\/","title":{"rendered":"Gianluca Brambilla leader de la Trek-Segafredo sur le Giro"},"content":{"rendered":"<p style=\"text-align: justify;\">En quittant Quick Step Floors pour une Trek-Segafredo d\u00e9sormais orpheline d&rsquo;Alberto Contador, Gianluca Brambilla savait qu&rsquo;il aurait le champ libre. Car, \u00e0 l&rsquo;exception de Bauke Mollema, aucun coureur ne semble \u00eatre capable de jouer le classement g\u00e9n\u00e9ral d&rsquo;un Grand Tour dans l&rsquo;effectif 2018 de l&rsquo;\u00e9quipe am\u00e9ricaine. Le N\u00e9erlandais ayant jet\u00e9 son d\u00e9volu sur le Tour de France pour l&rsquo;an prochain, Brambilla va ainsi pouvoir jouer sa carte sur le Giro, comme il le souhaitait. Aupr\u00e8s du Giornale de Vicenza, le coureur de 30 ans gliss\u00e9 quelques mots \u00e0 ce sujet :\u00a0<em>\u00ab\u00a0Je suis heureux de ce changement d&rsquo;\u00e9quipe, qui me donne de nouvelles motivations. Mon\u00a0programme s&rsquo;articulera autour du Giro d&rsquo;Italia, o\u00f9\u00a0je serai le leader pour le classement g\u00e9n\u00e9ral et o\u00f9 j&rsquo;essaierai de gagner quelques \u00e9tapes.\u00a0\u00bb<\/em><\/p>\n<p style=\"text-align: justify;\">En 2016, l&rsquo;Italien \u00e9tait all\u00e9 s&rsquo;imposer dans les rues d&rsquo;Arezzo sur son tour national. Il en avait profit\u00e9 pour enfiler le maillot rose, qu&rsquo;il porta pendant deux jours avant de le c\u00e9der \u00e0 son co\u00e9quipier Bob Jungels. Son meilleur r\u00e9sultat final sur un Grand Tour reste \u00e0 ce jour une treizi\u00e8me place, acquise \u00e0 la fois sur le Giro 2012 et sur la Vuelta 2015.<\/p>\n","protected":false},"excerpt":{"rendered":"<p>En quittant Quick Step Floors pour une Trek-Segafredo d\u00e9sormais orpheline d&rsquo;Alberto Contador, Gianluca Brambilla savait qu&rsquo;il aurait le champ libre. Car, \u00e0 l&rsquo;exception de Bauke Mollema, aucun coureur ne semble \u00eatre capable de jouer le classement g\u00e9n\u00e9ral d&rsquo;un Grand Tour dans l&rsquo;effectif 2018 de l&rsquo;\u00e9quipe am\u00e9ricaine. Le N\u00e9erlandais ayant jet\u00e9 son d\u00e9volu sur le Tour &hellip;<\/p>\n","protected":false},"author":5,"featured_media":41596,"comment_status":"open","ping_status":"open","sticky":false,"template":"","format":"standard","meta":{"footnotes":""},"categories":[11,58,15],"tags":[],"class_list":["post-49787","post","type-post","status-publish","format-standard","has-post-thumbnail","hentry","category-news-niveau-2","category-giro-ditalia-tour-italie","category-route"],"_links":{"self":[{"href":"https:\/\/cyclingpro.net\/velopro\/wp-json\/wp\/v2\/posts\/49787","targetHints":{"allow":["GET"]}}],"collection":[{"href":"https:\/\/cyclingpro.net\/velopro\/wp-json\/wp\/v2\/posts"}],"about":[{"href":"https:\/\/cyclingpro.net\/velopro\/wp-json\/wp\/v2\/types\/post"}],"author":[{"embeddable":true,"href":"https:\/\/cyclingpro.net\/velopro\/wp-json\/wp\/v2\/users\/5"}],"replies":[{"embeddable":true,"href":"https:\/\/cyclingpro.net\/velopro\/wp-json\/wp\/v2\/comments?post=49787"}],"version-history":[{"count":0,"href":"https:\/\/cyclingpro.net\/velopro\/wp-json\/wp\/v2\/posts\/49787\/revisions"}],"wp:featuredmedia":[{"embeddable":true,"href":"https:\/\/cyclingpro.net\/velopro\/wp-json\/wp\/v2\/media\/41596"}],"wp:attachment":[{"href":"https:\/\/cyclingpro.net\/velopro\/wp-json\/wp\/v2\/media?parent=49787"}],"wp:term":[{"taxonomy":"category","embeddable":true,"href":"https:\/\/cyclingpro.net\/velopro\/wp-json\/wp\/v2\/categories?post=49787"},{"taxonomy":"post_tag","embeddable":true,"href":"https:\/\/cyclingpro.net\/velopro\/wp-json\/wp\/v2\/tags?post=49787"}],"curies":[{"name":"wp","href":"https:\/\/api.w.org\/{rel}","templated":true}]}}