{"id":48728,"date":"2017-12-12T13:18:28","date_gmt":"2017-12-12T12:18:28","guid":{"rendered":"http:\/\/cyclingpro.net\/velopro\/?p=48728"},"modified":"2017-12-12T13:36:11","modified_gmt":"2017-12-12T12:36:11","slug":"paris-chauny-continue-progression","status":"publish","type":"post","link":"https:\/\/cyclingpro.net\/velopro\/route\/paris-chauny-continue-progression\/","title":{"rendered":"Paris-Chauny continue sa progression"},"content":{"rendered":"<p>En 2015 la classique picarde Paris-Chauny acc\u00e9dait au calendrier Europe Tour alors qu&rsquo;elle appartenait jusque l\u00e0 au calendrier FFC Elite national. Class\u00e9e 1.2 depuis, l&rsquo;\u00e9preuve va franchir un pallier suppl\u00e9mentaire en \u00e9tant class\u00e9e 1.1 en 2018, nous apprend DirectVelo.com. Elle change de date par la m\u00eame occasion et se disputera le dimanche 24 juin.<\/p>\n<p>Initialement pr\u00e9vue le dimanche 23 septembre 2018 et toujours class\u00e9e en cat\u00e9gorie 1.2, l&rsquo;\u00e9preuve venait se t\u00e9lescoper avec le Grand Prix d&rsquo;Isbergues, du fait d&rsquo;une non adaptation au calendrier d\u00e9cal\u00e9 de 2018 (l&rsquo;\u00e9preuve se courrait le 24 septembre cette ann\u00e9e). La nouvelle date du 24 juin offre un cr\u00e9neau parfait puisqu&rsquo;en 2018, en raison de la Coupe du Monde FIFA, le calendrier cycliste se retarde de 7 jours justement \u00e0 partir de cette semaine du 18 au 24 juin, o\u00f9 se disputent habituellement les Championnats nationaux. L&rsquo;accession au niveau .1 devrait assurer \u00e0 Paris-Chauny la participation des \u00e9quipes WorldTour fran\u00e7aise FDJ et AG2R La Mondiale, en vertu des accords avec la Ligue Nationale de Cyclisme professionnel. En revanche les Championnats de Belgique n&rsquo;ayant pas d\u00e9cal\u00e9s leurs dates, il ne devrait pas y avoir de coureurs ou d&rsquo;\u00e9quipes belges disponibles.<\/p>\n","protected":false},"excerpt":{"rendered":"<p>En 2015 la classique picarde Paris-Chauny acc\u00e9dait au calendrier Europe Tour alors qu&rsquo;elle appartenait jusque l\u00e0 au calendrier FFC Elite national. Class\u00e9e 1.2 depuis, l&rsquo;\u00e9preuve va franchir un pallier suppl\u00e9mentaire en \u00e9tant class\u00e9e 1.1 en 2018, nous apprend DirectVelo.com. Elle change de date par la m\u00eame occasion et se disputera le dimanche 24 juin. Initialement &hellip;<\/p>\n","protected":false},"author":4,"featured_media":48733,"comment_status":"open","ping_status":"open","sticky":false,"template":"","format":"standard","meta":{"footnotes":""},"categories":[11,15],"tags":[],"class_list":["post-48728","post","type-post","status-publish","format-standard","has-post-thumbnail","hentry","category-news-niveau-2","category-route"],"_links":{"self":[{"href":"https:\/\/cyclingpro.net\/velopro\/wp-json\/wp\/v2\/posts\/48728","targetHints":{"allow":["GET"]}}],"collection":[{"href":"https:\/\/cyclingpro.net\/velopro\/wp-json\/wp\/v2\/posts"}],"about":[{"href":"https:\/\/cyclingpro.net\/velopro\/wp-json\/wp\/v2\/types\/post"}],"author":[{"embeddable":true,"href":"https:\/\/cyclingpro.net\/velopro\/wp-json\/wp\/v2\/users\/4"}],"replies":[{"embeddable":true,"href":"https:\/\/cyclingpro.net\/velopro\/wp-json\/wp\/v2\/comments?post=48728"}],"version-history":[{"count":0,"href":"https:\/\/cyclingpro.net\/velopro\/wp-json\/wp\/v2\/posts\/48728\/revisions"}],"wp:featuredmedia":[{"embeddable":true,"href":"https:\/\/cyclingpro.net\/velopro\/wp-json\/wp\/v2\/media\/48733"}],"wp:attachment":[{"href":"https:\/\/cyclingpro.net\/velopro\/wp-json\/wp\/v2\/media?parent=48728"}],"wp:term":[{"taxonomy":"category","embeddable":true,"href":"https:\/\/cyclingpro.net\/velopro\/wp-json\/wp\/v2\/categories?post=48728"},{"taxonomy":"post_tag","embeddable":true,"href":"https:\/\/cyclingpro.net\/velopro\/wp-json\/wp\/v2\/tags?post=48728"}],"curies":[{"name":"wp","href":"https:\/\/api.w.org\/{rel}","templated":true}]}}