{"id":48321,"date":"2017-12-06T10:11:54","date_gmt":"2017-12-06T09:11:54","guid":{"rendered":"http:\/\/cyclingpro.net\/velopro\/?p=48321"},"modified":"2017-12-06T10:12:21","modified_gmt":"2017-12-06T09:12:21","slug":"affaire-sagan-contre-luci-dimension-data-digere-mal-mea-culpa-de-luci","status":"publish","type":"post","link":"https:\/\/cyclingpro.net\/velopro\/course\/tour-de-france\/affaire-sagan-contre-luci-dimension-data-digere-mal-mea-culpa-de-luci\/","title":{"rendered":"Affaire Sagan contre l&rsquo;UCI : Dimension Data dig\u00e8re mal le mea culpa de l&rsquo;UCI"},"content":{"rendered":"<p>M\u00eame si dans son communiqu\u00e9 sur l&rsquo;arr\u00eat de la proc\u00e9dure devant le TAS suite \u00e0 l&rsquo;exclusion de Peter Sagan du Tour de France (<a href=\"http:\/\/cyclingpro.net\/velopro\/course\/tour-de-france\/tour-2017-exclusion-de-sagan-luci-donne-raison-a-sagan-annule-procedure\/\">Tour 2017 \u2013 Exclusion de Sagan : L\u2019UCI donne raison \u00e0 Sagan qui annule la proc\u00e9dure : lire ici<\/a>), l&rsquo;UCI ne pointe aucune faute de ses commissaires, elle revient quand m\u00eame profond\u00e9ment sur leur d\u00e9cision, affirmant qu&rsquo;il n&rsquo;y avait pas de geste intentionnel de la part de Sagan, ni m\u00eame aucune responsabilit\u00e9 dans la chute qui a envoy\u00e9 au sol Mark Cavendish (Dimension Data). Et \u00e7a pour Dimension Data, qui avait pos\u00e9 r\u00e9clamation juste apr\u00e8s l&rsquo;arriv\u00e9e ce jour l\u00e0 contre Sagan, \u00e7a ne passe pas.<\/p>\n<p>Dans un communiqu\u00e9, Douglas Ryder, le patron de Dimension Data explique qu&rsquo;il va \u00e9crire \u00e0 l&rsquo;UCI pour obtenir des explications quant \u00e0 la position de l&rsquo;UCI sur cet incident. \u00ab\u00a0<em>En tant que coureurs et \u00e9quipes, nous voulons que toutes les parties travaillent en commun pour rendre les courses plus appr\u00e9ciables et s\u00e9curis\u00e9es. Nous avions compris que la proc\u00e9dure engag\u00e9e concernait l&rsquo;absence de possibilit\u00e9 offerte \u00e0 Bora &#8211; Hansgrohe de d\u00e9fendre son cas devant le jury des commissaires (avant que la d\u00e9cision ne soit prise, comme les r\u00e8glements l&rsquo;exigent pourtant, ndlr). Cependant, apr\u00e8s l&rsquo;annonce faite aujourd&rsquo;hui (hier), il semble que l&rsquo;enqu\u00eate ait aussi port\u00e9 sur une r\u00e9examination de l&rsquo;incident de course. Etant donn\u00e9 que nous sommes l&rsquo;\u00e9quipe au sein de laquelle se trouve le coureur ayant le plus souffert de cet incident, nous sommes surpris de ne pas \u00eatre inclus dans cette investigation pour donner notre opinion<\/em>\u00ab\u00a0.<\/p>\n<p>Le communiqu\u00e9 ajoute, de plus, et cela risque de susciter quelques r\u00e9action : \u00ab\u00a0<em>L&rsquo;\u00e9quipe Dimension Data aimerait r\u00e9affirmer une nouvelle fois que Mark Cavendish n&rsquo;a jou\u00e9 aucun r\u00f4le dans les causes de la chute qui a mis fin \u00e0 sa saison<\/em>.\u00a0\u00bb<\/p>\n","protected":false},"excerpt":{"rendered":"<p>M\u00eame si dans son communiqu\u00e9 sur l&rsquo;arr\u00eat de la proc\u00e9dure devant le TAS suite \u00e0 l&rsquo;exclusion de Peter Sagan du Tour de France (Tour 2017 \u2013 Exclusion de Sagan : L\u2019UCI donne raison \u00e0 Sagan qui annule la proc\u00e9dure : lire ici), l&rsquo;UCI ne pointe aucune faute de ses commissaires, elle revient quand m\u00eame profond\u00e9ment &hellip;<\/p>\n","protected":false},"author":4,"featured_media":28996,"comment_status":"open","ping_status":"open","sticky":false,"template":"","format":"standard","meta":{"footnotes":""},"categories":[11,41,15,39],"tags":[],"class_list":["post-48321","post","type-post","status-publish","format-standard","has-post-thumbnail","hentry","category-news-niveau-2","category-infirmerie","category-route","category-tour-de-france"],"_links":{"self":[{"href":"https:\/\/cyclingpro.net\/velopro\/wp-json\/wp\/v2\/posts\/48321","targetHints":{"allow":["GET"]}}],"collection":[{"href":"https:\/\/cyclingpro.net\/velopro\/wp-json\/wp\/v2\/posts"}],"about":[{"href":"https:\/\/cyclingpro.net\/velopro\/wp-json\/wp\/v2\/types\/post"}],"author":[{"embeddable":true,"href":"https:\/\/cyclingpro.net\/velopro\/wp-json\/wp\/v2\/users\/4"}],"replies":[{"embeddable":true,"href":"https:\/\/cyclingpro.net\/velopro\/wp-json\/wp\/v2\/comments?post=48321"}],"version-history":[{"count":0,"href":"https:\/\/cyclingpro.net\/velopro\/wp-json\/wp\/v2\/posts\/48321\/revisions"}],"wp:featuredmedia":[{"embeddable":true,"href":"https:\/\/cyclingpro.net\/velopro\/wp-json\/wp\/v2\/media\/28996"}],"wp:attachment":[{"href":"https:\/\/cyclingpro.net\/velopro\/wp-json\/wp\/v2\/media?parent=48321"}],"wp:term":[{"taxonomy":"category","embeddable":true,"href":"https:\/\/cyclingpro.net\/velopro\/wp-json\/wp\/v2\/categories?post=48321"},{"taxonomy":"post_tag","embeddable":true,"href":"https:\/\/cyclingpro.net\/velopro\/wp-json\/wp\/v2\/tags?post=48321"}],"curies":[{"name":"wp","href":"https:\/\/api.w.org\/{rel}","templated":true}]}}