{"id":48206,"date":"2017-12-05T11:49:02","date_gmt":"2017-12-05T10:49:02","guid":{"rendered":"http:\/\/cyclingpro.net\/velopro\/?p=48206"},"modified":"2017-12-05T13:28:58","modified_gmt":"2017-12-05T12:28:58","slug":"romain-bardet-reprendre-a-laigueglia-passer-boucles-drome-ardeche","status":"publish","type":"post","link":"https:\/\/cyclingpro.net\/velopro\/route\/romain-bardet-reprendre-a-laigueglia-passer-boucles-drome-ardeche\/","title":{"rendered":"Romain Bardet devrait reprendre \u00e0 Laigueglia et passer par les Boucles Dr\u00f4me-Ard\u00e8che"},"content":{"rendered":"<p>Romain Bardet (AG2R La Mondiale) avait d\u00e9j\u00e0 livr\u00e9 les grandes lignes de son programme (<a href=\"http:\/\/cyclingpro.net\/velopro\/route\/romain-bardet-strade-bianche-tirreno-adriatico\/\">lire ici<\/a> et <a href=\"http:\/\/cyclingpro.net\/velopro\/route\/romain-bardet-tour-finistere-course-belgique-mars\/\">ici<\/a>). A l&rsquo;occasion de la Pr\u00e9sentation du nouveau maillot ce matin \u00e0 Paris, il\u00a0a pr\u00e9cis\u00e9 son d\u00e9but de saison et ajout\u00e9 quelques nouveaux d\u00e9tails.<\/p>\n<p>On ne savait pas s&rsquo;il reprendrait au Tour d&rsquo;Oman (13-18 f\u00e9vrier), au Tour d&rsquo;Andalousie (14-18 f\u00e9vrier) ou au Tour d&rsquo;Algarve (14-18 f\u00e9vrier). M\u00eame si le choix n&rsquo;est pas encore d\u00e9finitif il semblerait qu&rsquo;il se porte sur le Tour d&rsquo;Andalousie. Mais avant \u00e7a, Bardet devrait faire ses premiers tours en Italie, le week-end qui pr\u00e9c\u00e8de,\u00a0au Trofeo Laigueglia (le 11 f\u00e9vrier),\u00a0sur la c\u00f4te ligurienne, \u00e0 proximit\u00e9 de la fronti\u00e8re fran\u00e7aise.<\/p>\n<p>Apr\u00e8s la Ruta del Sol (l&rsquo;autre nom du Tour d&rsquo;Andalousie), Bardet a aussi ajout\u00e9 \u00e0 son programme initialement d\u00e9voil\u00e9, les Boucles Dr\u00f4me-Ard\u00e8che (24-25 f\u00e9vrier).\u00a0A priori il disputera les deux courses d&rsquo;un jour (Classic Sud-Ard\u00e8che le samedi et Dr\u00f4me Classic le dimanche). \u00ab\u00a0<em>Si tout se passe comme pr\u00e9vu, j&rsquo;esp\u00e8re pourvoir revenir sur des courses qui me tiennent \u00e0 coeur en Ard\u00e8che, pour pr\u00e9parer les Strade Bianche<\/em>\u00a0\u00bb a-t-il d\u00e9clar\u00e9. Cette ann\u00e9e il avait fait l&rsquo;impasse sur ces deux courses car il \u00e9tait dans le Golfe Persique pour le Tour d&rsquo;Oman et le Tour d&rsquo;Abu Dhabi. Mais par le pass\u00e9 il a d\u00e9j\u00e0 termin\u00e9 troisi\u00e8me de la Classic Sud-Ard\u00e8che (en 2013) et a m\u00eame remport\u00e9 la Dr\u00f4me Classic (en 2014).<\/p>\n<p>En revanche Bardet n&rsquo;a pas pr\u00e9cis\u00e9 la derni\u00e8re zone d&rsquo;ombre de son calendrier d&rsquo;avant-Tour, \u00e0 savoir cette fameuse classique belge qu&rsquo;il devrait disputer en mars prochain pour pr\u00e9parer l&rsquo;\u00e9tape des pav\u00e9s du prochain Tour de France (<a href=\"http:\/\/cyclingpro.net\/velopro\/route\/romain-bardet-tour-finistere-course-belgique-mars\/\">lire ici<\/a>). Rappelons aussi que\u00a0jusqu&rsquo;\u00e0 pr\u00e9sent, le seul moyen pour \u00ab\u00a0<em>go\u00fbter<\/em>\u00a0\u00bb aux pav\u00e9s sans aller sur le tr\u00e8s redout\u00e9 Paris-Roubaix, \u00e9tait les courses flandriennes belges. Mais en 2018, le Grand Prix de Denain (18 mars) va devenir un mini Paris-Roubaix (<a href=\"http:\/\/cyclingpro.net\/velopro\/course\/grand-prix-de-denain\/grand-prix-de-denain-va-devenir-classique-pavee\/\">lire ici<\/a>) avec une distance de pav\u00e9s \u00e9quivalente \u00e0 celle de la neuvi\u00e8me \u00e9tape du Tour de France et \u00e0 priori au moins un secteur pav\u00e9 en commun (parcours non officiellement d\u00e9voil\u00e9 \u00e0 l&rsquo;heure actuelle). Le Samyn (27 f\u00e9vrier), en Belgique, propose aussi des pav\u00e9s dans un style plus proche de Paris-Roubaix que des classiques flamandes mais l&rsquo;hypoth\u00e8se que Bardet y aille semble beaucoup plus improbable.<\/p>\n<p>Il est aussi rest\u00e9 assez \u00e9vasif quant \u00e0 l&rsquo;apr\u00e8s-Tour et sa pr\u00e9paration pour les Mondiaux. \u00ab\u00a0<em>La Vuelta pour pr\u00e9parer Innsbruck ? C&rsquo;est encore \u00e0 l&rsquo;\u00e9tude mais en tout cas je pense que la courir pour le classement g\u00e9n\u00e9ral et donc faire deux Grands Tours cons\u00e9cutifs \u00e0 fond, c&rsquo;est \u00e9norm\u00e9ment d&rsquo;efforts. Et je vois difficilement comment on pourrait avoir la fra\u00eecheur pour \u00eatre performant sur une course aussi exigeante que celle d&rsquo;Innsbruck, en ayant 42 jours de course au plus haut niveau en \u00e0 peine plus de deux mois. Pour l&rsquo;instant la meilleure performance possible \u00e0 Innsbruck passera par du repos, si le Tour est r\u00e9ussi, et une pr\u00e9paration sp\u00e9cifique pour une course d&rsquo;un jour<\/em>\u00a0\u00bb a-t-il d\u00e9clar\u00e9 \u00e0 VeloPro.fr, sans pr\u00e9ciser quelle type de pr\u00e9paration sp\u00e9cifique il envisageait.<\/p>\n<p><strong>Calendrier pr\u00e9visionnel 2018 de Romain Bardet :<\/strong><br \/>\n&#8211; Trofeo Laigueglia (11 f\u00e9vrier)<br \/>\n&#8211; Tour d&rsquo;Andalousie (14-18 f\u00e9vrier)<br \/>\n&#8211; Boucles Dr\u00f4me-Ard\u00e8che (24-25 f\u00e9vrier)<br \/>\n&#8211; Strade Bianche (3 mars)<br \/>\n&#8211; Tirreno Adriatico (7-13 mars)<br \/>\n&#8211; Une course avec des pav\u00e9s, \u00e0 priori en Belgique (en mars)<br \/>\n&#8211; Tour du Pays Basque (2-7 avril)<br \/>\n&#8211; Tour du Finist\u00e8re (14 avril)<br \/>\n&#8211; Li\u00e8ge-Bastogne-Li\u00e8ge (22 avril)<br \/>\n<em>\u00a0 \u00a0 \u00a0&#8212; Coupure et stage &#8212;<\/em><br \/>\n&#8211; Crit\u00e9rium du Dauphin\u00e9 (3-10 juin)<br \/>\n&#8211; Tour de France (7-29 juillet)<br \/>\n<em>\u00a0 \u00a0 \u00a0&#8212;\u00a0Programme encore inconnu &#8212;<\/em><br \/>\n&#8211; Championnat du Monde (30 septembre)<\/p>\n","protected":false},"excerpt":{"rendered":"<p>Romain Bardet (AG2R La Mondiale) avait d\u00e9j\u00e0 livr\u00e9 les grandes lignes de son programme (lire ici et ici). A l&rsquo;occasion de la Pr\u00e9sentation du nouveau maillot ce matin \u00e0 Paris, il\u00a0a pr\u00e9cis\u00e9 son d\u00e9but de saison et ajout\u00e9 quelques nouveaux d\u00e9tails. On ne savait pas s&rsquo;il reprendrait au Tour d&rsquo;Oman (13-18 f\u00e9vrier), au Tour d&rsquo;Andalousie &hellip;<\/p>\n","protected":false},"author":4,"featured_media":31135,"comment_status":"open","ping_status":"open","sticky":false,"template":"","format":"standard","meta":{"footnotes":""},"categories":[27,11,66,86,67,57,15,69,75,36,39,89,65,32],"tags":[],"class_list":["post-48206","post","type-post","status-publish","format-standard","has-post-thumbnail","hentry","category-gros-bloc","category-news-niveau-2","category-classic-de-lardeche","category-criterium-du-dauphine","category-drome-classic","category-liege-bastogne-liege","category-route","category-strade-bianche","category-tirreno-adriatico","category-vuelta-a-andalucia-ruta-del-sol","category-tour-de-france","category-tour-du-finistere","category-itzulia-basque-country-vuelta-pais-vasco","category-trofeo-laigueglia"],"_links":{"self":[{"href":"https:\/\/cyclingpro.net\/velopro\/wp-json\/wp\/v2\/posts\/48206","targetHints":{"allow":["GET"]}}],"collection":[{"href":"https:\/\/cyclingpro.net\/velopro\/wp-json\/wp\/v2\/posts"}],"about":[{"href":"https:\/\/cyclingpro.net\/velopro\/wp-json\/wp\/v2\/types\/post"}],"author":[{"embeddable":true,"href":"https:\/\/cyclingpro.net\/velopro\/wp-json\/wp\/v2\/users\/4"}],"replies":[{"embeddable":true,"href":"https:\/\/cyclingpro.net\/velopro\/wp-json\/wp\/v2\/comments?post=48206"}],"version-history":[{"count":0,"href":"https:\/\/cyclingpro.net\/velopro\/wp-json\/wp\/v2\/posts\/48206\/revisions"}],"wp:featuredmedia":[{"embeddable":true,"href":"https:\/\/cyclingpro.net\/velopro\/wp-json\/wp\/v2\/media\/31135"}],"wp:attachment":[{"href":"https:\/\/cyclingpro.net\/velopro\/wp-json\/wp\/v2\/media?parent=48206"}],"wp:term":[{"taxonomy":"category","embeddable":true,"href":"https:\/\/cyclingpro.net\/velopro\/wp-json\/wp\/v2\/categories?post=48206"},{"taxonomy":"post_tag","embeddable":true,"href":"https:\/\/cyclingpro.net\/velopro\/wp-json\/wp\/v2\/tags?post=48206"}],"curies":[{"name":"wp","href":"https:\/\/api.w.org\/{rel}","templated":true}]}}