{"id":48187,"date":"2017-12-05T09:39:10","date_gmt":"2017-12-05T08:39:10","guid":{"rendered":"http:\/\/cyclingpro.net\/velopro\/?p=48187"},"modified":"2017-12-05T10:39:47","modified_gmt":"2017-12-05T09:39:47","slug":"tour-2017-exclusion-de-sagan-luci-donne-raison-a-sagan-annule-procedure","status":"publish","type":"post","link":"https:\/\/cyclingpro.net\/velopro\/course\/tour-de-france\/tour-2017-exclusion-de-sagan-luci-donne-raison-a-sagan-annule-procedure\/","title":{"rendered":"Tour 2017 &#8211; Exclusion de Sagan : L&rsquo;UCI donne raison \u00e0 Sagan qui annule la proc\u00e9dure"},"content":{"rendered":"<p>L&rsquo;audience devait avoir lieu aujourd&rsquo;hui, il n&rsquo;en sera rien.\u00a0La contestation de l&rsquo;exclusion de Peter Sagan (Bora &#8211; Hansgrohe) du dernier Tour de France devait \u00eatre auditionn\u00e9e\u00a0ce mardi devant le Tribunal Arbitral du Sport mais un accord entre\u00a0les parties, l&rsquo;\u00e9quipe\u00a0Bora &#8211; Hansgrohe, son leader Peter Sagan et l&rsquo;Union Cycliste Internationale,\u00a0vient d&rsquo;\u00eatre trouv\u00e9. Un accord amiable o\u00f9 l&rsquo;UCI reconna\u00eet que \u00ab\u00a0<em>La chute (de Mark Cavendish) \u00e9tait un incident de course malheureux et non intentionnel<\/em>\u00ab\u00a0.<\/p>\n<p>Souvenez-vous de la quatri\u00e8me \u00e9tape du Tour de France de cette ann\u00e9e, arrivant \u00e0 Vittel. Arnaud D\u00e9mare (FDJ) s&rsquo;impose mais ce qui fait la Une des m\u00e9dias c&rsquo;est avant tout l&rsquo;exclusion de Peter Sagan (Bora &#8211; Hansgrohe), qui serait la cause de la chute de Mark Cavendish. Le Champion du Monde a toujours\u00a0contest\u00e9 avoir provoqu\u00e9 la\u00a0cabriole du Britannique mais les premi\u00e8res images ne sont pas tr\u00e8s claires en raison d&rsquo;un arbre qui bouche la vue a\u00e9rienne au moment du contact entre les deux coureurs. Son \u00e9quipe Bora &#8211; Hansgrohe annonce rapidement son intention d&rsquo;aller devant le Tribunal Arbitral du Sport (TAS) pour laver le nom de Peter Sagan.<\/p>\n<p>Il faut dire que\u00a0la formation\u00a0allemande a de quoi \u00eatre m\u00e9contente. D&rsquo;une part, elle perd soudainement son leader pour le Tour de France autour duquel toute l&rsquo;\u00e9quipe\u00a0\u00e9tait dessin\u00e9e. L&rsquo;image de ce dernier est \u00e9galement d\u00e9grad\u00e9e. D&rsquo;autre part des analyses plus pouss\u00e9es des vid\u00e9os montrent rapidement que ce n&rsquo;est pas le coup de coude de Sagan qui a fait tomb\u00e9 Cavendish mais que ce dernier \u00e9tait d\u00e9j\u00e0 en d\u00e9s\u00e9quilibre avant que Sagan n&rsquo;\u00e9carte le coude. Cavendish d\u00e9s\u00e9quilibr\u00e9 est venu au contact de Sagan qui, visiblement pour ne pas \u00eatre lui-m\u00eame entrain\u00e9 dans la chute, a \u00e9cart\u00e9 son coude afin de conserver sa stabilit\u00e9. Enfin il y avait un autre point \u00e9pineux pour l&rsquo;UCI : le jury des commissaires qui a prononc\u00e9 l&rsquo;exclusion de Sagan ne lui a pas offert\u00a0la possibilit\u00e9 de venir s&rsquo;expliquer avant que la d\u00e9cision ne soit prise, alors que les textes\u00a0l&rsquo;imposent.<\/p>\n<p>Dans un premier temps Bora avait formul\u00e9 une\u00a0demande\u00a0pour le moins surprenante au TAS : r\u00e9int\u00e9grer Sagan sur le Tour alors m\u00eame qu&rsquo;il avait d\u00e9j\u00e0 loup\u00e9 des \u00e9tapes apr\u00e8s son exclusion. Demande rejet\u00e9e bien \u00e9videmment mais \u00e7a ne pr\u00e9sageait pas du fond de l&rsquo;affaire, qui devait \u00eatre jug\u00e9 aujourd&rsquo;hui. \u00ab\u00a0<em>En anticipation des auditions au TAS, \u00e0 Lausanne, pr\u00e9vu le 5 d\u00e9cembre 2017, l&rsquo;UCI, Peter Sagan et Bora &#8211; Hansgroha ont trouv\u00e9 un accord pour mettre un terme \u00e0 la proc\u00e9dure l\u00e9gale et \u00e0 la controverse autour de l&rsquo;exclusion de Peter Sagan du Tour de France de cette ann\u00e9e<\/em>\u00a0\u00bb statue un communiqu\u00e9 conjoint (UCI, Bora &#8211; Hansgrohe) publi\u00e9 ce matin.<\/p>\n<p>\u00ab\u00a0<em>Ayant examin\u00e9 les documents soumis pour la proc\u00e9dure\u00a0devant le TAS, incluant des vid\u00e9os qui n&rsquo;\u00e9taient pas disponibles quand le jury de la course a exclu Peter Sagan, les parties ont convenu que la chute \u00e9tait un incident de course malheureux et non intentionnel et que les commissaires de l&rsquo;UCI ont pris leur d\u00e9cision\u00a0sur la base de leur meilleur jugement en fonction des circonstances. A partir de cela, les parties se sont accord\u00e9es pour ne pas continuer la proc\u00e9dure l\u00e9gale et pour se concentrer sur les \u00e9volutions positives qui pourront \u00eatre prises dans le futur.<\/em>\u00a0\u00bb<\/p>\n<p>Un accord qui \u00e9vite donc de remettre en cause le travail des commissaires mais qui donne raison \u00e0 Peter Sagan quant \u00e0 son absence de responsabilit\u00e9 dans la chute de Mark Cavendish.<\/p>\n<p>\u00ab\u00a0<em>Cette proc\u00e9dure a montr\u00e9 \u00e0 quel point le travail des commissaires UCI est compliqu\u00e9 et important,<\/em>\u00a0d\u00e9clarait le nouveau Pr\u00e9sident de l&rsquo;UCI, David Lappartient, dans le communiqu\u00e9 conjoint.<em> A partir de l&rsquo;an prochain, l&rsquo;UCI mettra en place un &lsquo;Commissaire de soutien&rsquo; pour assister le jury des commissaires avec une expertise vid\u00e9o sp\u00e9ciale pour les principaux \u00e9v\u00e9nements de l&rsquo;UCI WorldTour.<\/em>\u00a0\u00bb<\/p>\n<p>\u00ab\u00a0<em>Le pass\u00e9 est d\u00e9j\u00e0 oubli\u00e9,\u00a0<\/em>pour Peter Sagan.\u00a0<em>L&rsquo;important est que notre sport \u00e9volue. J&rsquo;accueille favorablement le fait que ce qui m&rsquo;est arriv\u00e9 \u00e0 Vittel a d\u00e9montr\u00e9 que le travail des commissaires est difficile et que l&rsquo;UCI ait reconnu la n\u00e9cessit\u00e9 de\u00a0facilit\u00e9 ce travail en optant pour une option plus efficace. Je suis content que mon affaire m\u00e8ne \u00e0 des d\u00e9veloppements positifs, car c&rsquo;est important pour notre sport que les d\u00e9cisions soient justes et compr\u00e9hensible, m\u00eame si\u00a0parfois les \u00e9motions \u00e9chauffent les esprits.<\/em>\u00ab\u00a0<\/p>\n","protected":false},"excerpt":{"rendered":"<p>L&rsquo;audience devait avoir lieu aujourd&rsquo;hui, il n&rsquo;en sera rien.\u00a0La contestation de l&rsquo;exclusion de Peter Sagan (Bora &#8211; Hansgrohe) du dernier Tour de France devait \u00eatre auditionn\u00e9e\u00a0ce mardi devant le Tribunal Arbitral du Sport mais un accord entre\u00a0les parties, l&rsquo;\u00e9quipe\u00a0Bora &#8211; Hansgrohe, son leader Peter Sagan et l&rsquo;Union Cycliste Internationale,\u00a0vient d&rsquo;\u00eatre trouv\u00e9. Un accord amiable o\u00f9 &hellip;<\/p>\n","protected":false},"author":4,"featured_media":48201,"comment_status":"open","ping_status":"open","sticky":false,"template":"","format":"standard","meta":{"footnotes":""},"categories":[27,17,15,39],"tags":[],"class_list":["post-48187","post","type-post","status-publish","format-standard","has-post-thumbnail","hentry","category-gros-bloc","category-une","category-route","category-tour-de-france"],"_links":{"self":[{"href":"https:\/\/cyclingpro.net\/velopro\/wp-json\/wp\/v2\/posts\/48187","targetHints":{"allow":["GET"]}}],"collection":[{"href":"https:\/\/cyclingpro.net\/velopro\/wp-json\/wp\/v2\/posts"}],"about":[{"href":"https:\/\/cyclingpro.net\/velopro\/wp-json\/wp\/v2\/types\/post"}],"author":[{"embeddable":true,"href":"https:\/\/cyclingpro.net\/velopro\/wp-json\/wp\/v2\/users\/4"}],"replies":[{"embeddable":true,"href":"https:\/\/cyclingpro.net\/velopro\/wp-json\/wp\/v2\/comments?post=48187"}],"version-history":[{"count":0,"href":"https:\/\/cyclingpro.net\/velopro\/wp-json\/wp\/v2\/posts\/48187\/revisions"}],"wp:featuredmedia":[{"embeddable":true,"href":"https:\/\/cyclingpro.net\/velopro\/wp-json\/wp\/v2\/media\/48201"}],"wp:attachment":[{"href":"https:\/\/cyclingpro.net\/velopro\/wp-json\/wp\/v2\/media?parent=48187"}],"wp:term":[{"taxonomy":"category","embeddable":true,"href":"https:\/\/cyclingpro.net\/velopro\/wp-json\/wp\/v2\/categories?post=48187"},{"taxonomy":"post_tag","embeddable":true,"href":"https:\/\/cyclingpro.net\/velopro\/wp-json\/wp\/v2\/tags?post=48187"}],"curies":[{"name":"wp","href":"https:\/\/api.w.org\/{rel}","templated":true}]}}