{"id":48044,"date":"2017-12-01T17:10:08","date_gmt":"2017-12-01T16:10:08","guid":{"rendered":"http:\/\/cyclingpro.net\/velopro\/?p=48044"},"modified":"2017-12-01T17:12:01","modified_gmt":"2017-12-01T16:12:01","slug":"cyclo-cross-gp-hasselt-liste-engages","status":"publish","type":"post","link":"https:\/\/cyclingpro.net\/velopro\/cyclocross\/cyclo-cross-gp-hasselt-liste-engages\/","title":{"rendered":"Cyclo-cross &#8211; GP Hasselt : La liste des engag\u00e9s"},"content":{"rendered":"<p style=\"text-align: justify;\">Aucune manche de l&rsquo;un des trois grands circuits du cyclo-cross n&rsquo;est pr\u00e9vue ce week-end. Par cons\u00e9quent, quelques unes des t\u00eates d&rsquo;affiches des labour\u00e9s ont fait le choix de se rendre en Espagne pour s&rsquo;entra\u00eener dans le chaud et pr\u00e9parer les mois de d\u00e9cembre et janvier,\u00a0extr\u00eamement importants dans leur saison, et feront donc l&rsquo;impasse sur les \u00e9preuves des deux jours \u00e0 venir. Mathieu van der Poel et Wout Van Aert, notamment, ne seront donc pas au rendez-vous de la troisi\u00e8me manche des Soudal Classics, samedi, \u00e0 l&rsquo;occasion du GP Hasselt.<\/p>\n<p style=\"text-align: justify;\"><span style=\"text-decoration: underline;\">Retrouvez ci-dessous la liste des engag\u00e9s.\u00a0<\/span><\/p>\n<p style=\"text-align: justify;\">1 Corne Van Kessel (Telenet Fidea Lions)<br \/>\n2 Toon Aerts (Telenet Fidea Lions)<br \/>\n3 Marcel Meisen (Steylaerts Firstbet)<br \/>\n4 Quinten Hermans (Telenet Fidea Lions)<br \/>\n5 Tom Meeusen (Beobank-Corendon)<br \/>\n6 Tim Merlier (Crelan &#8211; Charles)<br \/>\n7 David Van Der Poel (Beobank-Corendon)<br \/>\n8 Vincent Baestaens (Koninklijke Stoempersclub &#8211; Leuven)<br \/>\n9 Jim Aernouts (Telenet Fidea Lions)<br \/>\n10 Nicolas Cleppe (Telenet Fidea Lions)<br \/>\n11 Klaas Vantornout\u00a0(Marlux &#8211; Napoleon Games Cycling Team)<br \/>\n12 Diether Sweeck (Era Real Estate &#8211; Circus)<br \/>\n13 Wietse Bosmans (Era Real Estate &#8211; Circus)<br \/>\n14 Yorben Van Tichelt (Era Real Estate &#8211; Circus)<br \/>\n15 Adam Toupalik (Beobank &#8211; Corendon)<br \/>\n16 Spencer Petrov (Aspire Racing)<br \/>\n17 Dieter Vanthourenhout (Marlux &#8211; Napoleon Games Cycling Team)<br \/>\n18 Rob Peeters (Pauwels Sauzen-Vastgoedservice)<br \/>\n19 Thijs Van Amerongen\u00a0(Orange Babies Cycling Team)<br \/>\n20 Daan Hoeyberghs (Steylaerts-Betfirst)<br \/>\n21 Twan Van Den Brand (Orange Babies Cycling Team)<br \/>\n22 Gosse Van Der Meer (Tarteletto Isorex)<br \/>\n23 Johan Jacobs (Pauwels Sauzen-Vastgoedservice)<br \/>\n24 Joeri Adams (Kalas &#8211; H.Essers Cycling Team)<br \/>\n25 Ben Walkerden (Carnegie Caulfield Cc)<br \/>\n26 Loic Hennaux (Wielerpromotieclub)<br \/>\n27 Stephen Lee (Derwentside Cc)<br \/>\n28 Marvin Schmidt (Rsc Betzdorf)<br \/>\n29 Eric Meyers\u00a0(Lc Tetange)<br \/>\n30 Josu Albizua Zubizarreta\u00a0(Koba Clycing Cx Team)<br \/>\n31 Paul Lindenau\u00a0(Rv Germania Hamburg \/ Stevens Racing Tea)<br \/>\n32 Thomas Van De Velde (Belgian Cycling Service)<br \/>\n33 Pieter-Jan Vliegen (Jeugd Cycling Team 99 V.Z.W.)<br \/>\n34 Finlay Robertson\u00a0( Derwentside Cc)<br \/>\n35 Senne De Meyer (Koninklijke Edegem Bicycle Club Vzw)<br \/>\n36 Pieter Meelberghs)<br \/>\n37 Edwin De Wit (Vzw Wieler-Event)<br \/>\n38 Thomas Mein (Hope Factory Racing)<br \/>\n39 Jonas Smet (Iko-Beobank)<br \/>\n40 Nick Peers<br \/>\n41 Jarno Liessens ( Kon. Balen B.C. V.Z.W.)<br \/>\n42 Sander Lemmens (Lensworld Cycling Team)<br \/>\n43 Kwinten Stuer (Kids Sport Promotion Belgium)<br \/>\n44 Stef Serre (Young Cycling Talent Demer &amp; Dijle)<\/p>\n","protected":false},"excerpt":{"rendered":"<p>Aucune manche de l&rsquo;un des trois grands circuits du cyclo-cross n&rsquo;est pr\u00e9vue ce week-end. Par cons\u00e9quent, quelques unes des t\u00eates d&rsquo;affiches des labour\u00e9s ont fait le choix de se rendre en Espagne pour s&rsquo;entra\u00eener dans le chaud et pr\u00e9parer les mois de d\u00e9cembre et janvier,\u00a0extr\u00eamement importants dans leur saison, et feront donc l&rsquo;impasse sur les &hellip;<\/p>\n","protected":false},"author":5,"featured_media":48046,"comment_status":"open","ping_status":"open","sticky":false,"template":"","format":"standard","meta":{"footnotes":""},"categories":[11,5],"tags":[],"class_list":["post-48044","post","type-post","status-publish","format-standard","has-post-thumbnail","hentry","category-news-niveau-2","category-cyclocross"],"_links":{"self":[{"href":"https:\/\/cyclingpro.net\/velopro\/wp-json\/wp\/v2\/posts\/48044","targetHints":{"allow":["GET"]}}],"collection":[{"href":"https:\/\/cyclingpro.net\/velopro\/wp-json\/wp\/v2\/posts"}],"about":[{"href":"https:\/\/cyclingpro.net\/velopro\/wp-json\/wp\/v2\/types\/post"}],"author":[{"embeddable":true,"href":"https:\/\/cyclingpro.net\/velopro\/wp-json\/wp\/v2\/users\/5"}],"replies":[{"embeddable":true,"href":"https:\/\/cyclingpro.net\/velopro\/wp-json\/wp\/v2\/comments?post=48044"}],"version-history":[{"count":0,"href":"https:\/\/cyclingpro.net\/velopro\/wp-json\/wp\/v2\/posts\/48044\/revisions"}],"wp:featuredmedia":[{"embeddable":true,"href":"https:\/\/cyclingpro.net\/velopro\/wp-json\/wp\/v2\/media\/48046"}],"wp:attachment":[{"href":"https:\/\/cyclingpro.net\/velopro\/wp-json\/wp\/v2\/media?parent=48044"}],"wp:term":[{"taxonomy":"category","embeddable":true,"href":"https:\/\/cyclingpro.net\/velopro\/wp-json\/wp\/v2\/categories?post=48044"},{"taxonomy":"post_tag","embeddable":true,"href":"https:\/\/cyclingpro.net\/velopro\/wp-json\/wp\/v2\/tags?post=48044"}],"curies":[{"name":"wp","href":"https:\/\/api.w.org\/{rel}","templated":true}]}}