{"id":47981,"date":"2017-12-01T09:16:44","date_gmt":"2017-12-01T08:16:44","guid":{"rendered":"http:\/\/cyclingpro.net\/velopro\/?p=47981"},"modified":"2017-12-01T12:35:05","modified_gmt":"2017-12-01T11:35:05","slug":"piste-coupe-monde-3-programme-complet","status":"publish","type":"post","link":"https:\/\/cyclingpro.net\/velopro\/piste\/piste-coupe-monde-3-programme-complet\/","title":{"rendered":"Piste &#8211; Coupe du Monde #3 : Le programme complet"},"content":{"rendered":"<p>Apr\u00e8s\u00a0Pruszk\u00f3w\u00a0et Manchester, la Coupe du Monde de cyclisme sur piste fait une halte \u00e0 Milton, au Canada, ce week-end. La comp\u00e9tition d\u00e9bute d\u00e8s ce vendredi et se conclura dimanche. Retrouvez ci-dessous le programme complet.<\/p>\n<p><a href=\"http:\/\/cyclingpro.net\/velopro\/wp-content\/uploads\/2017\/12\/Schedule.png\"><img loading=\"lazy\" decoding=\"async\" class=\"alignnone wp-image-47982\" src=\"http:\/\/cyclingpro.net\/velopro\/wp-content\/uploads\/2017\/12\/Schedule.png\" alt=\"\" width=\"650\" height=\"988\" srcset=\"https:\/\/cyclingpro.net\/velopro\/wp-content\/uploads\/2017\/12\/Schedule.png 674w, https:\/\/cyclingpro.net\/velopro\/wp-content\/uploads\/2017\/12\/Schedule-198x300.png 198w, https:\/\/cyclingpro.net\/velopro\/wp-content\/uploads\/2017\/12\/Schedule-768x1166.png 768w\" sizes=\"auto, (max-width: 650px) 100vw, 650px\" \/><\/a><\/p>\n","protected":false},"excerpt":{"rendered":"<p>Apr\u00e8s\u00a0Pruszk\u00f3w\u00a0et Manchester, la Coupe du Monde de cyclisme sur piste fait une halte \u00e0 Milton, au Canada, ce week-end. La comp\u00e9tition d\u00e9bute d\u00e8s ce vendredi et se conclura dimanche. Retrouvez ci-dessous le programme complet.<\/p>\n","protected":false},"author":5,"featured_media":47987,"comment_status":"open","ping_status":"open","sticky":false,"template":"","format":"standard","meta":{"footnotes":""},"categories":[11,13],"tags":[],"class_list":["post-47981","post","type-post","status-publish","format-standard","has-post-thumbnail","hentry","category-news-niveau-2","category-piste"],"_links":{"self":[{"href":"https:\/\/cyclingpro.net\/velopro\/wp-json\/wp\/v2\/posts\/47981","targetHints":{"allow":["GET"]}}],"collection":[{"href":"https:\/\/cyclingpro.net\/velopro\/wp-json\/wp\/v2\/posts"}],"about":[{"href":"https:\/\/cyclingpro.net\/velopro\/wp-json\/wp\/v2\/types\/post"}],"author":[{"embeddable":true,"href":"https:\/\/cyclingpro.net\/velopro\/wp-json\/wp\/v2\/users\/5"}],"replies":[{"embeddable":true,"href":"https:\/\/cyclingpro.net\/velopro\/wp-json\/wp\/v2\/comments?post=47981"}],"version-history":[{"count":0,"href":"https:\/\/cyclingpro.net\/velopro\/wp-json\/wp\/v2\/posts\/47981\/revisions"}],"wp:featuredmedia":[{"embeddable":true,"href":"https:\/\/cyclingpro.net\/velopro\/wp-json\/wp\/v2\/media\/47987"}],"wp:attachment":[{"href":"https:\/\/cyclingpro.net\/velopro\/wp-json\/wp\/v2\/media?parent=47981"}],"wp:term":[{"taxonomy":"category","embeddable":true,"href":"https:\/\/cyclingpro.net\/velopro\/wp-json\/wp\/v2\/categories?post=47981"},{"taxonomy":"post_tag","embeddable":true,"href":"https:\/\/cyclingpro.net\/velopro\/wp-json\/wp\/v2\/tags?post=47981"}],"curies":[{"name":"wp","href":"https:\/\/api.w.org\/{rel}","templated":true}]}}