{"id":47220,"date":"2017-11-19T10:26:04","date_gmt":"2017-11-19T09:26:04","guid":{"rendered":"http:\/\/cyclingpro.net\/velopro\/?p=47220"},"modified":"2017-11-19T10:29:55","modified_gmt":"2017-11-19T09:29:55","slug":"youcef-reguigui-nouvelle-equipe-belgo-algerienne","status":"publish","type":"post","link":"https:\/\/cyclingpro.net\/velopro\/mercato\/youcef-reguigui-nouvelle-equipe-belgo-algerienne\/","title":{"rendered":"Youcef Reguigui dans une nouvelle \u00e9quipe belgo-alg\u00e9rienne"},"content":{"rendered":"<p>La nouvelle circulait d\u00e9j\u00e0 depuis quelques temps mais elle vient seulement d&rsquo;\u00eatre officialis\u00e9e. Youcef Reguigui, le Champion d&rsquo;Alg\u00e9rie, qui courrait jusqu&rsquo;ici pour Dimension Data mais qui n&rsquo;a pas \u00e9t\u00e9 conserv\u00e9 pour 2018, va int\u00e9grer une nouvelle \u00e9quipe men\u00e9e par l&rsquo;ancien coureur belge Geoffrey Coup\u00e9. L&rsquo;\u00e9quipe est en fait une \u00e9manation du club belge Naturablue Cycling Team, alli\u00e9 \u00e0 l&rsquo;\u00e9quipe Continentale alg\u00e9rienne du V\u00e9lo Club Sovac. La soci\u00e9t\u00e9 alg\u00e9rienne Sovac (distribution automobile) sera l&rsquo;un des partenaires principaux.<\/p>\n<p>DirectVelo.com annon\u00e7ait d\u00e9j\u00e0 les arriv\u00e9es de\u00a0Gaetan Bille (en provenance de Verandas Willems &#8211; Crelan) et de Robin Stenuit (en provenance de Wanty &#8211; Groupe Gobert), qui ont \u00e9t\u00e9 confirm\u00e9s officiellement depuis. On peut donc d\u00e9sormais y ajouter Reguigui. L&rsquo;\u00e9quipe, dont on ne connait pas encore le nom, aura un programme constitu\u00e9 d&rsquo;\u00e9preuves belges, africaines mais \u00e9galement fran\u00e7aises et asiatiques.<\/p>\n","protected":false},"excerpt":{"rendered":"<p>La nouvelle circulait d\u00e9j\u00e0 depuis quelques temps mais elle vient seulement d&rsquo;\u00eatre officialis\u00e9e. Youcef Reguigui, le Champion d&rsquo;Alg\u00e9rie, qui courrait jusqu&rsquo;ici pour Dimension Data mais qui n&rsquo;a pas \u00e9t\u00e9 conserv\u00e9 pour 2018, va int\u00e9grer une nouvelle \u00e9quipe men\u00e9e par l&rsquo;ancien coureur belge Geoffrey Coup\u00e9. L&rsquo;\u00e9quipe est en fait une \u00e9manation du club belge Naturablue Cycling &hellip;<\/p>\n","protected":false},"author":4,"featured_media":47222,"comment_status":"open","ping_status":"open","sticky":false,"template":"","format":"standard","meta":{"footnotes":""},"categories":[11,15,10],"tags":[],"class_list":["post-47220","post","type-post","status-publish","format-standard","has-post-thumbnail","hentry","category-news-niveau-2","category-route","category-mercato"],"_links":{"self":[{"href":"https:\/\/cyclingpro.net\/velopro\/wp-json\/wp\/v2\/posts\/47220","targetHints":{"allow":["GET"]}}],"collection":[{"href":"https:\/\/cyclingpro.net\/velopro\/wp-json\/wp\/v2\/posts"}],"about":[{"href":"https:\/\/cyclingpro.net\/velopro\/wp-json\/wp\/v2\/types\/post"}],"author":[{"embeddable":true,"href":"https:\/\/cyclingpro.net\/velopro\/wp-json\/wp\/v2\/users\/4"}],"replies":[{"embeddable":true,"href":"https:\/\/cyclingpro.net\/velopro\/wp-json\/wp\/v2\/comments?post=47220"}],"version-history":[{"count":0,"href":"https:\/\/cyclingpro.net\/velopro\/wp-json\/wp\/v2\/posts\/47220\/revisions"}],"wp:featuredmedia":[{"embeddable":true,"href":"https:\/\/cyclingpro.net\/velopro\/wp-json\/wp\/v2\/media\/47222"}],"wp:attachment":[{"href":"https:\/\/cyclingpro.net\/velopro\/wp-json\/wp\/v2\/media?parent=47220"}],"wp:term":[{"taxonomy":"category","embeddable":true,"href":"https:\/\/cyclingpro.net\/velopro\/wp-json\/wp\/v2\/categories?post=47220"},{"taxonomy":"post_tag","embeddable":true,"href":"https:\/\/cyclingpro.net\/velopro\/wp-json\/wp\/v2\/tags?post=47220"}],"curies":[{"name":"wp","href":"https:\/\/api.w.org\/{rel}","templated":true}]}}