{"id":47207,"date":"2017-11-18T12:30:00","date_gmt":"2017-11-18T11:30:00","guid":{"rendered":"http:\/\/cyclingpro.net\/velopro\/?p=47207"},"modified":"2017-11-18T12:31:40","modified_gmt":"2017-11-18T11:31:40","slug":"louis-meintjes-precise-programme","status":"publish","type":"post","link":"https:\/\/cyclingpro.net\/velopro\/route\/louis-meintjes-precise-programme\/","title":{"rendered":"Louis Meintjes pr\u00e9cise son programme"},"content":{"rendered":"<p>Lors de la pr\u00e9sentation de l&rsquo;effectif de son \u00e9quipe Dimension Data en Afrique du Sud, Louis Meintjes a eu l&rsquo;occasion de pr\u00e9ciser\u00a0le programme de course qui le m\u00e8nera \u00e0 sa premi\u00e8re participation au Tour d&rsquo;Italie (<a href=\"http:\/\/cyclingpro.net\/velopro\/course\/giro-ditalia\/louis-meintjes-giro-2018\/\">lire ici<\/a>). Le Sud-Africain devrait reprendre la comp\u00e9tition au Tour d&rsquo;Algarve (14-18 f\u00e9vrier). Il disputera ensuite Tirreno Adriactico (7-13 mars) puis le Tour de Catalogne (19-25 mars). La phase finale de sa pr\u00e9paration pour le Giro (5-27 mai) passera bien entendu par le Tour des Alpes (16-20 avril) qu&rsquo;il encha\u00eenera peut-\u00eatre avec Li\u00e8ge-Bastogne-Li\u00e8ge (22 avril), une classique qu&rsquo;il avait termin\u00e9 onzi\u00e8me en 2015.<\/p>\n","protected":false},"excerpt":{"rendered":"<p>Lors de la pr\u00e9sentation de l&rsquo;effectif de son \u00e9quipe Dimension Data en Afrique du Sud, Louis Meintjes a eu l&rsquo;occasion de pr\u00e9ciser\u00a0le programme de course qui le m\u00e8nera \u00e0 sa premi\u00e8re participation au Tour d&rsquo;Italie (lire ici). Le Sud-Africain devrait reprendre la comp\u00e9tition au Tour d&rsquo;Algarve (14-18 f\u00e9vrier). Il disputera ensuite Tirreno Adriactico (7-13 mars) &hellip;<\/p>\n","protected":false},"author":4,"featured_media":47210,"comment_status":"open","ping_status":"open","sticky":false,"template":"","format":"standard","meta":{"footnotes":""},"categories":[12,15],"tags":[],"class_list":["post-47207","post","type-post","status-publish","format-standard","has-post-thumbnail","hentry","category-non-classe","category-route"],"_links":{"self":[{"href":"https:\/\/cyclingpro.net\/velopro\/wp-json\/wp\/v2\/posts\/47207","targetHints":{"allow":["GET"]}}],"collection":[{"href":"https:\/\/cyclingpro.net\/velopro\/wp-json\/wp\/v2\/posts"}],"about":[{"href":"https:\/\/cyclingpro.net\/velopro\/wp-json\/wp\/v2\/types\/post"}],"author":[{"embeddable":true,"href":"https:\/\/cyclingpro.net\/velopro\/wp-json\/wp\/v2\/users\/4"}],"replies":[{"embeddable":true,"href":"https:\/\/cyclingpro.net\/velopro\/wp-json\/wp\/v2\/comments?post=47207"}],"version-history":[{"count":0,"href":"https:\/\/cyclingpro.net\/velopro\/wp-json\/wp\/v2\/posts\/47207\/revisions"}],"wp:featuredmedia":[{"embeddable":true,"href":"https:\/\/cyclingpro.net\/velopro\/wp-json\/wp\/v2\/media\/47210"}],"wp:attachment":[{"href":"https:\/\/cyclingpro.net\/velopro\/wp-json\/wp\/v2\/media?parent=47207"}],"wp:term":[{"taxonomy":"category","embeddable":true,"href":"https:\/\/cyclingpro.net\/velopro\/wp-json\/wp\/v2\/categories?post=47207"},{"taxonomy":"post_tag","embeddable":true,"href":"https:\/\/cyclingpro.net\/velopro\/wp-json\/wp\/v2\/tags?post=47207"}],"curies":[{"name":"wp","href":"https:\/\/api.w.org\/{rel}","templated":true}]}}