{"id":47205,"date":"2017-11-18T10:24:45","date_gmt":"2017-11-18T09:24:45","guid":{"rendered":"http:\/\/cyclingpro.net\/velopro\/?p=47205"},"modified":"2017-11-18T10:25:12","modified_gmt":"2017-11-18T09:25:12","slug":"marco-coledan-se-blesse-visage-a-lentrainement","status":"publish","type":"post","link":"https:\/\/cyclingpro.net\/velopro\/infirmerie\/marco-coledan-se-blesse-visage-a-lentrainement\/","title":{"rendered":"Marco Coledan se blesse au visage \u00e0 l&rsquo;entra\u00eenement"},"content":{"rendered":"<p>2018 commence mal pour Marco Coledan. Le coureur de Trek &#8211; Segafredo, qui courra chez Wilier Triestina &#8211; Selle Italia l&rsquo;an prochain a heurt\u00e9 une voiture. Bilan : une m\u00e2choire lux\u00e9e, quatre dents cass\u00e9es et des lac\u00e9rations au menton et aux l\u00e8vres qui lui ont valu dix points de suture. Coledan s&rsquo;entra\u00eenait en compagnie de Franco Pellizotti (Bahrain &#8211; Merida), Andrea Vendrame (Androni Gioctattoli &#8211; Sidermec) et Simone Andreetta (Bardiani &#8211; CSF) mais les trois coureurs ont pu \u00e9viter la collision. Coledan va maintenant devoir observer un repos de 15 jours o\u00f9 il va aussi subir une intervention chirurgicale de reconstruction dentaire.<\/p>\n","protected":false},"excerpt":{"rendered":"<p>2018 commence mal pour Marco Coledan. Le coureur de Trek &#8211; Segafredo, qui courra chez Wilier Triestina &#8211; Selle Italia l&rsquo;an prochain a heurt\u00e9 une voiture. Bilan : une m\u00e2choire lux\u00e9e, quatre dents cass\u00e9es et des lac\u00e9rations au menton et aux l\u00e8vres qui lui ont valu dix points de suture. Coledan s&rsquo;entra\u00eenait en compagnie de &hellip;<\/p>\n","protected":false},"author":4,"featured_media":43685,"comment_status":"open","ping_status":"open","sticky":false,"template":"","format":"standard","meta":{"footnotes":""},"categories":[11,41,15],"tags":[],"class_list":["post-47205","post","type-post","status-publish","format-standard","has-post-thumbnail","hentry","category-news-niveau-2","category-infirmerie","category-route"],"_links":{"self":[{"href":"https:\/\/cyclingpro.net\/velopro\/wp-json\/wp\/v2\/posts\/47205","targetHints":{"allow":["GET"]}}],"collection":[{"href":"https:\/\/cyclingpro.net\/velopro\/wp-json\/wp\/v2\/posts"}],"about":[{"href":"https:\/\/cyclingpro.net\/velopro\/wp-json\/wp\/v2\/types\/post"}],"author":[{"embeddable":true,"href":"https:\/\/cyclingpro.net\/velopro\/wp-json\/wp\/v2\/users\/4"}],"replies":[{"embeddable":true,"href":"https:\/\/cyclingpro.net\/velopro\/wp-json\/wp\/v2\/comments?post=47205"}],"version-history":[{"count":0,"href":"https:\/\/cyclingpro.net\/velopro\/wp-json\/wp\/v2\/posts\/47205\/revisions"}],"wp:featuredmedia":[{"embeddable":true,"href":"https:\/\/cyclingpro.net\/velopro\/wp-json\/wp\/v2\/media\/43685"}],"wp:attachment":[{"href":"https:\/\/cyclingpro.net\/velopro\/wp-json\/wp\/v2\/media?parent=47205"}],"wp:term":[{"taxonomy":"category","embeddable":true,"href":"https:\/\/cyclingpro.net\/velopro\/wp-json\/wp\/v2\/categories?post=47205"},{"taxonomy":"post_tag","embeddable":true,"href":"https:\/\/cyclingpro.net\/velopro\/wp-json\/wp\/v2\/tags?post=47205"}],"curies":[{"name":"wp","href":"https:\/\/api.w.org\/{rel}","templated":true}]}}