{"id":47157,"date":"2017-11-17T12:18:10","date_gmt":"2017-11-17T11:18:10","guid":{"rendered":"http:\/\/cyclingpro.net\/velopro\/?p=47157"},"modified":"2017-11-17T12:18:59","modified_gmt":"2017-11-17T11:18:59","slug":"louis-meintjes-giro-2018","status":"publish","type":"post","link":"https:\/\/cyclingpro.net\/velopro\/course\/giro-ditalia-tour-italie\/louis-meintjes-giro-2018\/","title":{"rendered":"Louis Meintjes sur le Giro 2018"},"content":{"rendered":"<p>En m\u00eame temps qu&rsquo;elle r\u00e9v\u00e9lait son effectif pour 2018, l&rsquo;\u00e9quipe Dimension Data a d\u00e9voil\u00e9 son plan \u00e0 long terme : \u00catre sur le podium du Tour de France en 2020 ! Et pour ce faire l&rsquo;\u00e9quipe sud-africaine compte bien s&rsquo;appuyer sur Louis Meintjes, qui revient \u00e0 la \u00ab\u00a0maison\u00a0\u00bb apr\u00e8s deux ans d&rsquo;absence. A 25 ans (il aura 26 ans en f\u00e9vrier prochain), Meintjes vient de finir huiti\u00e8me des deux derni\u00e8res \u00e9ditions du Tour de France. Pour continuer son apprentissage, le Sud-Africain a d\u00e9cid\u00e9 de d\u00e9couvrir le Giro l&rsquo;an prochain.<\/p>\n<p>\u00ab\u00a0<em>L&rsquo;objectif est d&rsquo;essayer d&rsquo;atteindre le podium (du Tour de France) en 2020 et pour l&rsquo;an prochain nous allons essayer une approche diff\u00e9rente o\u00f9 je vais essayer d&rsquo;acqu\u00e9rir plus d&rsquo;exp\u00e9rience en prenant part au Giro<\/em>\u00a0\u00bb a-t-il d\u00e9clar\u00e9.<\/p>\n","protected":false},"excerpt":{"rendered":"<p>En m\u00eame temps qu&rsquo;elle r\u00e9v\u00e9lait son effectif pour 2018, l&rsquo;\u00e9quipe Dimension Data a d\u00e9voil\u00e9 son plan \u00e0 long terme : \u00catre sur le podium du Tour de France en 2020 ! Et pour ce faire l&rsquo;\u00e9quipe sud-africaine compte bien s&rsquo;appuyer sur Louis Meintjes, qui revient \u00e0 la \u00ab\u00a0maison\u00a0\u00bb apr\u00e8s deux ans d&rsquo;absence. A 25 ans &hellip;<\/p>\n","protected":false},"author":4,"featured_media":35757,"comment_status":"open","ping_status":"open","sticky":false,"template":"","format":"standard","meta":{"footnotes":""},"categories":[11,58,15],"tags":[],"class_list":["post-47157","post","type-post","status-publish","format-standard","has-post-thumbnail","hentry","category-news-niveau-2","category-giro-ditalia-tour-italie","category-route"],"_links":{"self":[{"href":"https:\/\/cyclingpro.net\/velopro\/wp-json\/wp\/v2\/posts\/47157","targetHints":{"allow":["GET"]}}],"collection":[{"href":"https:\/\/cyclingpro.net\/velopro\/wp-json\/wp\/v2\/posts"}],"about":[{"href":"https:\/\/cyclingpro.net\/velopro\/wp-json\/wp\/v2\/types\/post"}],"author":[{"embeddable":true,"href":"https:\/\/cyclingpro.net\/velopro\/wp-json\/wp\/v2\/users\/4"}],"replies":[{"embeddable":true,"href":"https:\/\/cyclingpro.net\/velopro\/wp-json\/wp\/v2\/comments?post=47157"}],"version-history":[{"count":0,"href":"https:\/\/cyclingpro.net\/velopro\/wp-json\/wp\/v2\/posts\/47157\/revisions"}],"wp:featuredmedia":[{"embeddable":true,"href":"https:\/\/cyclingpro.net\/velopro\/wp-json\/wp\/v2\/media\/35757"}],"wp:attachment":[{"href":"https:\/\/cyclingpro.net\/velopro\/wp-json\/wp\/v2\/media?parent=47157"}],"wp:term":[{"taxonomy":"category","embeddable":true,"href":"https:\/\/cyclingpro.net\/velopro\/wp-json\/wp\/v2\/categories?post=47157"},{"taxonomy":"post_tag","embeddable":true,"href":"https:\/\/cyclingpro.net\/velopro\/wp-json\/wp\/v2\/tags?post=47157"}],"curies":[{"name":"wp","href":"https:\/\/api.w.org\/{rel}","templated":true}]}}