{"id":47143,"date":"2017-11-17T10:15:40","date_gmt":"2017-11-17T09:15:40","guid":{"rendered":"http:\/\/cyclingpro.net\/velopro\/?p=47143"},"modified":"2017-11-17T10:16:22","modified_gmt":"2017-11-17T09:16:22","slug":"cholet-pays-de-loire-sera-remplace-cholet-pays-de-loire","status":"publish","type":"post","link":"https:\/\/cyclingpro.net\/velopro\/course\/cholet-pays-de-la-loire\/cholet-pays-de-loire-sera-remplace-cholet-pays-de-loire\/","title":{"rendered":"Cholet Pays de Loire sera remplac\u00e9 par&#8230; Cholet Pays de LA Loire !"},"content":{"rendered":"<p>En 2017 la quaranti\u00e8me \u00e9dition de Cholet-Pays de Loire n&rsquo;a pas eu lieu en raison d&rsquo;un d\u00e9saccord profond entre l&rsquo;organisation et la ville de Cholet. Il y a une dizaine de jours, la ville de Cholet r\u00e9v\u00e9lait qu&rsquo;elle allait, non pas relancer la course, mais en lancer une toute nouvelle (<a href=\"http:\/\/cyclingpro.net\/velopro\/route\/nouvelle-course-pro-a-cholet-remplacement-de-cholet-pays-de-loire\/\">lire ici<\/a>), avec un nouvel organisateur, une association municipalis\u00e9e. On conna\u00eet d\u00e9sormais le nom de cette nouvelle \u00e9preuve : Cholet-Pays de la Loire ! C&rsquo;est ce que nous r\u00e9v\u00e8le Ouest France. Autrement dit, c&rsquo;est le nom de l&rsquo;ancienne \u00e9preuve auquel les nouveaux organisateurs\u00a0ont rajout\u00e9 \u00ab\u00a0la\u00a0\u00bb devant Loire pour mieux coller au nom de la r\u00e9gion : Pays de la Loire.<\/p>\n<p>Cholet-Pays de LA Loire aura bien lieu le dimanche 25 mars 2018, le lendemain de Classic Loire-Atlantique mais ne comptera pas pour la Coupe de France comme sa pr\u00e9d\u00e9cesseur. Une information confirm\u00e9e \u00e0 Ouest France par Marc Madiot, le Pr\u00e9sident de la LNC (Ligue Nationale de Cyclisme Professionnel). Fran\u00e7ois Faglain, le directeur de l&rsquo;organisation de Cholet-Pays de Loire (\u00ab\u00a0l&rsquo;ancienne\u00a0\u00bb \u00e9preuve)\u00a0restait pourtant titulaire de sa place au calendrier pour deux ans, mais la r\u00e9forme du calendrier Fran\u00e7ais mise en place cette ann\u00e9e par la LNC a chamboul\u00e9 les dates et a avanc\u00e9 d&rsquo;une semaine la Classic Loire-Atlantique, qui a habituellement lieu la veille de Cholet-Pays de Loire. Cholet Ev\u00e9nements, l&rsquo;organisateur de Cholet-Pays de la Loire (la \u00ab\u00a0nouvelle\u00a0\u00bb \u00e9preuve) en a donc profit\u00e9. C\u00f4t\u00e9 parcours, celui-ci se centrera plus autour de Cholet.<\/p>\n<p>Pour rappel, l&rsquo;ann\u00e9e 2018 de Cholet sera fortement marqu\u00e9e par le cyclisme avec aussi la troisi\u00e8me \u00e9tape du Tour de France 2018, un contre-la-montre par \u00e9quipes autour de Cholet.<\/p>\n","protected":false},"excerpt":{"rendered":"<p>En 2017 la quaranti\u00e8me \u00e9dition de Cholet-Pays de Loire n&rsquo;a pas eu lieu en raison d&rsquo;un d\u00e9saccord profond entre l&rsquo;organisation et la ville de Cholet. Il y a une dizaine de jours, la ville de Cholet r\u00e9v\u00e9lait qu&rsquo;elle allait, non pas relancer la course, mais en lancer une toute nouvelle (lire ici), avec un nouvel &hellip;<\/p>\n","protected":false},"author":4,"featured_media":46813,"comment_status":"open","ping_status":"open","sticky":false,"template":"","format":"standard","meta":{"footnotes":""},"categories":[11,213,15],"tags":[],"class_list":["post-47143","post","type-post","status-publish","format-standard","has-post-thumbnail","hentry","category-news-niveau-2","category-cholet-pays-de-la-loire","category-route"],"_links":{"self":[{"href":"https:\/\/cyclingpro.net\/velopro\/wp-json\/wp\/v2\/posts\/47143","targetHints":{"allow":["GET"]}}],"collection":[{"href":"https:\/\/cyclingpro.net\/velopro\/wp-json\/wp\/v2\/posts"}],"about":[{"href":"https:\/\/cyclingpro.net\/velopro\/wp-json\/wp\/v2\/types\/post"}],"author":[{"embeddable":true,"href":"https:\/\/cyclingpro.net\/velopro\/wp-json\/wp\/v2\/users\/4"}],"replies":[{"embeddable":true,"href":"https:\/\/cyclingpro.net\/velopro\/wp-json\/wp\/v2\/comments?post=47143"}],"version-history":[{"count":0,"href":"https:\/\/cyclingpro.net\/velopro\/wp-json\/wp\/v2\/posts\/47143\/revisions"}],"wp:featuredmedia":[{"embeddable":true,"href":"https:\/\/cyclingpro.net\/velopro\/wp-json\/wp\/v2\/media\/46813"}],"wp:attachment":[{"href":"https:\/\/cyclingpro.net\/velopro\/wp-json\/wp\/v2\/media?parent=47143"}],"wp:term":[{"taxonomy":"category","embeddable":true,"href":"https:\/\/cyclingpro.net\/velopro\/wp-json\/wp\/v2\/categories?post=47143"},{"taxonomy":"post_tag","embeddable":true,"href":"https:\/\/cyclingpro.net\/velopro\/wp-json\/wp\/v2\/tags?post=47143"}],"curies":[{"name":"wp","href":"https:\/\/api.w.org\/{rel}","templated":true}]}}