{"id":44982,"date":"2017-10-14T10:48:44","date_gmt":"2017-10-14T08:48:44","guid":{"rendered":"http:\/\/cyclingpro.net\/velopro\/?p=44982"},"modified":"2017-10-14T11:19:31","modified_gmt":"2017-10-14T09:19:31","slug":"retraite-martin-elmiger","status":"publish","type":"post","link":"https:\/\/cyclingpro.net\/velopro\/mercato\/retraite-martin-elmiger\/","title":{"rendered":"La retraite pour Martin Elmiger"},"content":{"rendered":"<p>A 39 ans (depuis quelques jours) Martin Elmiger (BMC) va prendre sa retraite \u00e0 la fin de la saison. Le Suisse l&rsquo;a annonc\u00e9 au Luzerner Zeitung, le journal local de Lucerne. Elmiger aura \u00e9t\u00e9 quatre fois Champion de Suisse et sa victoire la plus m\u00e9morable est sans doute son premier titre, en 2001, alors qu&rsquo;il n&rsquo;en \u00e9tait qu&rsquo;\u00e0 sa premi\u00e8re ann\u00e9e professionnelle. Il avait fait un num\u00e9ro en solitaire. Pour le reste Elmiger a notamment remport\u00e9 le Tour Down Under en 2007, les 4 Jours de Dunkerque en 2010 ou encore le Tour du Limousin en 2013. Il a aussi la particularit\u00e9 d&rsquo;avoir obtenu des top10 \u00e0 Paris-Roubaix (cinqui\u00e8me en 2015 notamment), au Tour des Flandres, \u00e0 Milan-San Remo ou encore au Tour de Lombardie. Sa derni\u00e8re course sera la Japan Cup, le 22 octobre.<\/p>\n","protected":false},"excerpt":{"rendered":"<p>A 39 ans (depuis quelques jours) Martin Elmiger (BMC) va prendre sa retraite \u00e0 la fin de la saison. Le Suisse l&rsquo;a annonc\u00e9 au Luzerner Zeitung, le journal local de Lucerne. Elmiger aura \u00e9t\u00e9 quatre fois Champion de Suisse et sa victoire la plus m\u00e9morable est sans doute son premier titre, en 2001, alors qu&rsquo;il &hellip;<\/p>\n","protected":false},"author":4,"featured_media":44984,"comment_status":"open","ping_status":"open","sticky":false,"template":"","format":"standard","meta":{"footnotes":""},"categories":[11,15,10],"tags":[],"class_list":["post-44982","post","type-post","status-publish","format-standard","has-post-thumbnail","hentry","category-news-niveau-2","category-route","category-mercato"],"_links":{"self":[{"href":"https:\/\/cyclingpro.net\/velopro\/wp-json\/wp\/v2\/posts\/44982","targetHints":{"allow":["GET"]}}],"collection":[{"href":"https:\/\/cyclingpro.net\/velopro\/wp-json\/wp\/v2\/posts"}],"about":[{"href":"https:\/\/cyclingpro.net\/velopro\/wp-json\/wp\/v2\/types\/post"}],"author":[{"embeddable":true,"href":"https:\/\/cyclingpro.net\/velopro\/wp-json\/wp\/v2\/users\/4"}],"replies":[{"embeddable":true,"href":"https:\/\/cyclingpro.net\/velopro\/wp-json\/wp\/v2\/comments?post=44982"}],"version-history":[{"count":0,"href":"https:\/\/cyclingpro.net\/velopro\/wp-json\/wp\/v2\/posts\/44982\/revisions"}],"wp:featuredmedia":[{"embeddable":true,"href":"https:\/\/cyclingpro.net\/velopro\/wp-json\/wp\/v2\/media\/44984"}],"wp:attachment":[{"href":"https:\/\/cyclingpro.net\/velopro\/wp-json\/wp\/v2\/media?parent=44982"}],"wp:term":[{"taxonomy":"category","embeddable":true,"href":"https:\/\/cyclingpro.net\/velopro\/wp-json\/wp\/v2\/categories?post=44982"},{"taxonomy":"post_tag","embeddable":true,"href":"https:\/\/cyclingpro.net\/velopro\/wp-json\/wp\/v2\/tags?post=44982"}],"curies":[{"name":"wp","href":"https:\/\/api.w.org\/{rel}","templated":true}]}}