{"id":43851,"date":"2017-10-03T17:09:00","date_gmt":"2017-10-03T15:09:00","guid":{"rendered":"http:\/\/cyclingpro.net\/velopro\/?p=43851"},"modified":"2017-10-03T18:45:57","modified_gmt":"2017-10-03T16:45:57","slug":"binche-chimay-binche-jasper-de-buyst-rafle","status":"publish","type":"post","link":"https:\/\/cyclingpro.net\/velopro\/course\/binche-chimay-binche\/binche-chimay-binche-jasper-de-buyst-rafle\/","title":{"rendered":"Binche-Chimay-Binche : Jasper De Buyst rafle tout"},"content":{"rendered":"<p style=\"text-align: justify;\">Au terme d&rsquo;une \u00e9dition 2017 de Binche-Chimay-Binche particuli\u00e8rement agit\u00e9e, qui n&rsquo;a connu aucun temps mort, Jasper De Buyst a r\u00e9alis\u00e9 un sacr\u00e9 coup. Le coureur belge de la Lotto-Soudal a ainsi r\u00e9gl\u00e9 Matteo Trentin (Quick Step Floors) et Tom Devriendt (Wanty-Groupe Gobert) sur la ligne d&rsquo;arriv\u00e9e, apr\u00e8s s&rsquo;\u00eatre \u00e9chapp\u00e9 en leur compagnie\u00a0\u00e0 la flamme rouge. Il remporte par la m\u00eame occasion la Coupe de Belgique 2017, dont le M\u00e9morial Frank Vandenbroucke &#8211; autre nom de l&rsquo;\u00e9preuve du jour &#8211; constituait la derni\u00e8re manche. Le Fran\u00e7ais J\u00e9r\u00f4me Mainard (Arm\u00e9e de Terre) prend une jolie quatri\u00e8me place.<\/p>\n<p style=\"text-align: justify;\">Il fallait s&rsquo;accrocher ce mardi au d\u00e9part de Binche-Chimay-Binche. Les premi\u00e8res minutes de course sont couverte \u00e0 une tr\u00e8s vive allure, si bien que personne ne parvient \u00e0 cr\u00e9er la bonne \u00e9chapp\u00e9e du jour. Les kilom\u00e8tres s&rsquo;encha\u00eenent, les tentatives infructueuses \u00e9galement, et finalement, c&rsquo;est \u00e0 la suite d&rsquo;une acc\u00e9l\u00e9ration de R\u00e9mi Cavagna (Quick Step Floors) qui le peloton se disloque. Vingt-sept coureurs accompagnent le Fran\u00e7ais et le d\u00e9sordre s&rsquo;installe dans le paquet. Alors que les relais passent \u00e0 merveille dans le groupe de t\u00eate, le peloton voit l&rsquo;\u00e9cart grandir \u00e0 pr\u00e8s de deux minutes avant de r\u00e9agir.<\/p>\n<p class=\"p1\" style=\"text-align: justify;\">\u00c0 l\u2019avant, on retrouve alors Jasper De Buyst, Nikolas Maes, Moreno Hofland (Lotto-Soudal), Twan Casteijns, Amund Grondahl Jansen, Bram Tankink (LottoNL-Jumbo), Julien Duval, Stijn Vandenbergh (AG2R-La Mondiale), Boris Vall\u00e9e (Fortuneo-Oscaro), Romain Cardis (Direct Energie), Dimitri Claeys (Cofidis), R\u00e9mi Cavagana, Fernando Gaviria, Petr Vakoc, Matteo Trentin (Quick Step Floors) mais aussi Kenny Dehaes, Tom Devriendt, Andrea Pasqualon (Wanty-Groupe Gobert), Brian Van Goethem, Oscar Riesebeek (Roompot-Nederlandse Loterij), Gr\u00e9gory Habeaux (WB Veranclassic Aqua Protect), J\u00e9r\u00f4me Mainard (Arm\u00e9e de Terre) Joeri Stallaert (Cibel-Cebon), Emile Vermeulen (Roubaix-Lille M\u00e9tropole), Rob Ruijgh (Tareletto-Isorex), Christophe Pr\u00e9mont (V\u00e9randas Willems-Crelan) et Rasmus Tiller (Joker).<\/p>\n<p class=\"p1\" style=\"text-align: justify;\">Une bonne coh\u00e9sion s&rsquo;installe dans le groupe qui s&rsquo;attache surtout \u00e0 garder le peloton \u00e0 distance. Un peloton o\u00f9 l&rsquo;\u00e9quipe Leopard se retrouve bien seul \u00e0 rouler. Ainsi, les \u00ab\u00a0\u00e9chapp\u00e9s\u00a0\u00bb entament la deuxi\u00e8me partie de course avec un avantage fr\u00f4lant les deux minutes. La situation est \u00e0 leur avantage, mais le groupe reste trop cons\u00e9quent pour certains. Des attaques m\u00e8nent donc \u00e0 une scission en t\u00eate, et dix hommes se d\u00e9gagent, les suivant :\u00a0Castelijns, Jansen, De Buyst, Cavagna, Trentin, Vakoc, Devriendt, Pasqualon, Mainard et Ruijgh. Ces derniers font imm\u00e9diatement le trou et chacun trouve son int\u00e9r\u00eat \u00e0 rouler. La diff\u00e9rence se fait d&#8217;embl\u00e9e sur le groupe de contre, qui est d\u00e8s lors repris par le peloton, point\u00e9 \u00e0 une minute \u00e0 cinquante bornes du but. Roompot, Cofidis et AG2R tentent de mener la chasse, mais celle-ci s&rsquo;av\u00e8re peut efficace. \u00c0 30 kilom\u00e8tres de la ligne, l&rsquo;\u00e9cart est sensiblement le m\u00eame. En t\u00eate, les coureurs continuent de prendre leur relais et le peloton ne grappille\u00a0que tr\u00e8s peu de temps.<\/p>\n<p class=\"p1\" style=\"text-align: justify;\">\u00c0 16 kilom\u00e8tres de la ligne, soit \u00e0 l&rsquo;entame du dernier tour autour de Binche, le peloton reste point\u00e9 \u00e0 pr\u00e8s de 50 secondes, malgr\u00e9 les gros efforts de la Cofidis. D&rsquo;ailleurs, la\u00a0 poursuite est si peu efficace qu&rsquo;un groupe de contre\u00a0issu du peloton s&rsquo;isole dans le dernier tour, sans pour autant \u00eatre en mesure de revenir sur le premier groupe. En t\u00eate, Castelijns et Ruijgh ne peuvent quant \u00e0 eux plus suivre le rythme et laissent ainsi 8 coureurs s&rsquo;expliquer \u00e0 l&rsquo;entr\u00e9e dans les dix derniers kilom\u00e8tres. Ces derniers restent unis jusqu&rsquo;\u00e0 l&rsquo;arriv\u00e9e sous la flamme rouge et les fameux pav\u00e9s en bosse. C&rsquo;est alors que Matteo Trentin d\u00e9cide de sortir de sa r\u00e9serve pour placer une attaque. L&rsquo;Italien n&#8217;emm\u00e8ne que De Buyst et Devriendt dans son sillage et se pr\u00e9sente avec les deux hommes dans la derni\u00e8re ligne droite, elle aussi pav\u00e9e. Trentin m\u00e8ne et tente de r\u00e9sister, assis sur sa selle, mais De Buyst r\u00e9alise un bel effort sur sa droite et parvient \u00e0 le d\u00e9border pour aller s&rsquo;adjuger cette \u00e9dition 2017 de Binche-Chimay-Binche. Devriendt, \u00e0 bout de souffle, doit se contenter de la troisi\u00e8me place. Derri\u00e8re, J\u00e9r\u00f4me Mainard r\u00e8gle le groupe de contre pour la quatri\u00e8me place.<\/p>\n<p style=\"text-align: justify;\"><strong>Classement<\/strong><\/p>\n<p style=\"text-align: justify;\">1 Jasper de Buyst (Lotto Soudal)<br \/>\n2 Matteo Trentin (Quick-Step Floors) m.t<br \/>\n3 Tom Devriendt (Wanty &#8211; Groupe Gobert) m.t<br \/>\n4 Jerome Mainard (Equipe Cycliste Arm\u00e9e de Terre) \u00e0 0&rsquo;07<br \/>\n5 Amund Grondahl Jansen (Team LottoNL-Jumbo) m.t<br \/>\n6 R\u00e9mi Cavagna (Quick-Step Floors) m.t<br \/>\n7 Andrea Pasqualon (Wanty &#8211; Groupe Gobert) m.t<br \/>\n8 Petr Vakoc (Quick-Step Floors) \u00e0 0&rsquo;11<br \/>\n9 Alex Kirsch (WB Veranclassic Aqua Protect) \u00e0 1&rsquo;42<br \/>\n10 Oliver Naesen (AG2R La Mondiale) m.t<\/p>\n","protected":false},"excerpt":{"rendered":"<p>Au terme d&rsquo;une \u00e9dition 2017 de Binche-Chimay-Binche particuli\u00e8rement agit\u00e9e, qui n&rsquo;a connu aucun temps mort, Jasper De Buyst a r\u00e9alis\u00e9 un sacr\u00e9 coup. Le coureur belge de la Lotto-Soudal a ainsi r\u00e9gl\u00e9 Matteo Trentin (Quick Step Floors) et Tom Devriendt (Wanty-Groupe Gobert) sur la ligne d&rsquo;arriv\u00e9e, apr\u00e8s s&rsquo;\u00eatre \u00e9chapp\u00e9 en leur compagnie\u00a0\u00e0 la flamme rouge. &hellip;<\/p>\n","protected":false},"author":5,"featured_media":0,"comment_status":"open","ping_status":"open","sticky":false,"template":"","format":"standard","meta":{"footnotes":""},"categories":[11,194,14,15],"tags":[],"class_list":["post-43851","post","type-post","status-publish","format-standard","hentry","category-news-niveau-2","category-binche-chimay-binche","category-resultats","category-route"],"_links":{"self":[{"href":"https:\/\/cyclingpro.net\/velopro\/wp-json\/wp\/v2\/posts\/43851","targetHints":{"allow":["GET"]}}],"collection":[{"href":"https:\/\/cyclingpro.net\/velopro\/wp-json\/wp\/v2\/posts"}],"about":[{"href":"https:\/\/cyclingpro.net\/velopro\/wp-json\/wp\/v2\/types\/post"}],"author":[{"embeddable":true,"href":"https:\/\/cyclingpro.net\/velopro\/wp-json\/wp\/v2\/users\/5"}],"replies":[{"embeddable":true,"href":"https:\/\/cyclingpro.net\/velopro\/wp-json\/wp\/v2\/comments?post=43851"}],"version-history":[{"count":0,"href":"https:\/\/cyclingpro.net\/velopro\/wp-json\/wp\/v2\/posts\/43851\/revisions"}],"wp:attachment":[{"href":"https:\/\/cyclingpro.net\/velopro\/wp-json\/wp\/v2\/media?parent=43851"}],"wp:term":[{"taxonomy":"category","embeddable":true,"href":"https:\/\/cyclingpro.net\/velopro\/wp-json\/wp\/v2\/categories?post=43851"},{"taxonomy":"post_tag","embeddable":true,"href":"https:\/\/cyclingpro.net\/velopro\/wp-json\/wp\/v2\/tags?post=43851"}],"curies":[{"name":"wp","href":"https:\/\/api.w.org\/{rel}","templated":true}]}}