{"id":43667,"date":"2017-10-03T09:53:17","date_gmt":"2017-10-03T07:53:17","guid":{"rendered":"http:\/\/cyclingpro.net\/velopro\/?p=43667"},"modified":"2017-10-03T14:45:18","modified_gmt":"2017-10-03T12:45:18","slug":"binche-chimay-binche-presentation-de-ledition-2017","status":"publish","type":"post","link":"https:\/\/cyclingpro.net\/velopro\/presentation-course\/binche-chimay-binche-presentation-de-ledition-2017\/","title":{"rendered":"Binche-Chimay-Binche : Pr\u00e9sentation de l&rsquo;\u00e9dition 2017"},"content":{"rendered":"<p style=\"text-align: justify;\"><strong>30\u00e8me \u00e9dition de Binche-Chimay-Binche (1.1)<\/strong><br \/>\n<strong>Binche &#8211; Binche (195,2 km)<\/strong><\/p>\n<h3 style=\"text-align: justify;\">Informations<\/h3>\n<p style=\"text-align: justify;\">Cr\u00e9\u00e9e en 1911, la semi-Classique de Binche-Chimay-Binche ne f\u00eatera pourtant, ce mardi, que sa trenti\u00e8me \u00e9dition. Et pour cause, la course\u00a0wallonne n&rsquo;a pas eu lieu de 1931 \u00e0 1983 puis de 1997 \u00e0 2009. Relanc\u00e9e en 2010 avec l&rsquo;appellation de\u00a0M\u00e9morial Frank Vandenbroucke, l&rsquo;\u00e9preuve dispose du statut 1.1 au calendrier UCI et figure depuis l&rsquo;an pass\u00e9 au programme de la Coupe de Belgique, dont elle est la toute derni\u00e8re manche.<\/p>\n<p style=\"text-align: justify;\">Tr\u00e8s souvent accapar\u00e9e par les sprinteurs ces derni\u00e8res ann\u00e9es, Binche-Chimay-Binche propose un parcours particuli\u00e8rement d\u00e9licat, avec un circuit de 16 kilom\u00e8tres autour de Binche comprenant des pav\u00e9s. C&rsquo;est notamment la partie finale du trac\u00e9, avec une courte mont\u00e9e\u00a0 pav\u00e9e (0,5 km \u00e0 4,4%) suivie d&rsquo;une derni\u00e8re ligne droite disput\u00e9e sur ce m\u00eame rev\u00eatement qui fait g\u00e9n\u00e9ralement la diff\u00e9rence. Ce devrait quoiqu&rsquo;il en soit \u00eatre un costaud qui l\u00e8vera les bras dans la province du Hainaut ce mardi apr\u00e8s-midi.<\/p>\n<h3 style=\"text-align: justify;\">Carte et profil<\/h3>\n<div id='gallery-1' class='gallery galleryid-43667 gallery-columns-3 gallery-size-thumbnail'><figure class='gallery-item'>\n\t\t\t<div class='gallery-icon portrait'>\n\t\t\t\t<a href='https:\/\/cyclingpro.net\/velopro\/wp-content\/uploads\/2017\/10\/Capture-d\u2019e\u0301cran-2017-10-03-a\u0300-09.00.47.png'><img loading=\"lazy\" decoding=\"async\" width=\"150\" height=\"150\" src=\"https:\/\/cyclingpro.net\/velopro\/wp-content\/uploads\/2017\/10\/Capture-d\u2019e\u0301cran-2017-10-03-a\u0300-09.00.47-150x150.png\" class=\"attachment-thumbnail size-thumbnail\" alt=\"\" \/><\/a>\n\t\t\t<\/div><\/figure><figure class='gallery-item'>\n\t\t\t<div class='gallery-icon landscape'>\n\t\t\t\t<a href='https:\/\/cyclingpro.net\/velopro\/wp-content\/uploads\/2017\/10\/Capture-d\u2019e\u0301cran-2017-10-03-a\u0300-09.01.03.png'><img loading=\"lazy\" decoding=\"async\" width=\"150\" height=\"150\" src=\"https:\/\/cyclingpro.net\/velopro\/wp-content\/uploads\/2017\/10\/Capture-d\u2019e\u0301cran-2017-10-03-a\u0300-09.01.03-150x150.png\" class=\"attachment-thumbnail size-thumbnail\" alt=\"\" \/><\/a>\n\t\t\t<\/div><\/figure>\n\t\t<\/div>\n\n<h3 style=\"text-align: justify;\">Palmar\u00e8s<\/h3>\n<p style=\"text-align: justify;\">2016 : D\u00c9MARE Arnaud<br \/>\n2015 : SINKELDAM Ramon<br \/>\n2014 : STYBAR Zdenek<br \/>\n2013 : JANSE VAN RENSBURG Reinardt<br \/>\n2012 : BLYTHE Adam<br \/>\n2011 : SELIG R\u00fcdiger<br \/>\n2010 : VIVIANI Elia<br \/>\n1996 : VANDENBROUCKE Frank<br \/>\n1995 : NIJDAM Jelle<br \/>\n1994 : NELISSEN Wilfried<\/p>\n<h3 style=\"text-align: justify;\">Favoris<\/h3>\n<p class=\"p1\" style=\"text-align: justify;\">**** Fernando Gaviria, Kristoffer Halvorsen<\/p>\n<p class=\"p1\" style=\"text-align: justify;\">*** Oliver Naesen, Moreno Hofland, Matteo Trentin, Lars Boom<\/p>\n<p class=\"p1\" style=\"text-align: justify;\">** Zdenek Stybar, Rudy Barbier, Dan McLay, Bert Van Lerberghe, Adrien Petit<\/p>\n<p class=\"p1\" style=\"text-align: justify;\">* Jasper De Buyst, Jonas Van Genechten, Timothy Dupont, Adam Blythe, Kenny Dehaes, Coen Vermeltfoort<\/p>\n<h3 style=\"text-align: justify;\">Liste des partants<\/h3>\n<p style=\"text-align: justify;\">AG2R La Mondiale<br \/>\n1 NAESEN Oliver<br \/>\n2 BAGDONAS Gediminas<br \/>\n3 BARBIER Rudy<br \/>\n4 DUVAL Julien<br \/>\n5 DENZ Nico<br \/>\n6 VANDENBERGH Stijn<br \/>\n7 GENIETS Kevin<br \/>\n8 DOLEATTO Aur\u00e9lien<\/p>\n<p style=\"text-align: justify;\">Team LottoNL-Jumbo<br \/>\n11 BOOM Lars<br \/>\n12 CASTELIJNS Twan<br \/>\n13 JANSEN Amund Grondahl<br \/>\n14 VAN HOECKE Gijs<br \/>\n15 LOBATO Juan Jos\u00e9<br \/>\n16 ROOSEN Timo<br \/>\n17 TANKINK Bram<br \/>\n18 JANSSEN Adriaan<\/p>\n<p style=\"text-align: justify;\">Lotto Soudal<br \/>\n21 ARM\u00c9E Sander<br \/>\n22 VERVAEKE Louis<br \/>\n23 DE BUYST Jasper<br \/>\n24 VAN DER SANDE Tosh<br \/>\n25 DE GENDT Thomas<br \/>\n26 MONFORT Maxime<br \/>\n27 MAES Nikolas<br \/>\n28 HOFLAND Moreno<\/p>\n<p style=\"text-align: justify;\">Quick-Step Floors<br \/>\n31 CAVAGNA R\u00e9mi<br \/>\n32 GAVIRIA Fernando<br \/>\n33 HODEG \u00c1lvaro Jos\u00e9<br \/>\n34 KEISSE Iljo<br \/>\n35 STYBAR Zdenek<br \/>\n36 TERPSTRA Niki<br \/>\n37 TRENTIN Matteo<br \/>\n38 VAKOC Petr<\/p>\n<p style=\"text-align: justify;\">Aqua Blue Sport<br \/>\n41 WATSON Calvin<br \/>\n43 BRAMMEIER Matthew<br \/>\n44 FENN Andrew<br \/>\n46 HANSEN Lasse Norman<br \/>\n47 BLYTHE Adam<br \/>\n48 NORDHAUG Lars Petter<\/p>\n<p style=\"text-align: justify;\">Cofidis, Solutions Cr\u00e9dits<br \/>\n51 CLAEYS Dimitri<br \/>\n52 GODON Dorian<br \/>\n53 HOFSTETTER Hugo<br \/>\n54 S\u00c9N\u00c9CHAL Florian<br \/>\n55 TURGIS Tanguy<br \/>\n56 VANBILSEN Kenneth<br \/>\n57 VAN GENECHTEN Jonas<br \/>\n58 VAN STAEYEN Michael<\/p>\n<p style=\"text-align: justify;\">Direct Energie<br \/>\n61 CARDIS Romain<br \/>\n62 CORNU Jeremy<br \/>\n63 GENE Yohann<br \/>\n64 GUILLEMOIS Romain<br \/>\n65 MAITRE Florian<br \/>\n66 ORCEAU Cl\u00e9ment<br \/>\n67 PETIT Adrien<br \/>\n68 PICHOT Alexandre<\/p>\n<p style=\"text-align: justify;\">Fortuneo &#8211; Oscaro<br \/>\n71 BONNAMOUR Franck<br \/>\n72 MCLAY Daniel<br \/>\n73 VALL\u00c9E Boris<br \/>\n76 GUERNALEC Thibault<br \/>\n77 RIOU Alan<br \/>\n78 MOLLY Kenny<\/p>\n<p style=\"text-align: justify;\">Roompot &#8211; Nederlandse Loterij<br \/>\n81 BUDDING Martijn<br \/>\n82 MEIJERS Jeroen<br \/>\n83 LIGTHART Pim<br \/>\n84 RIESEBEEK Oscar<br \/>\n85 ASSELMAN Jesper<br \/>\n86 VAN GOETHEM Brian<br \/>\n87 VERMELTFOORT Coen<\/p>\n<p style=\"text-align: justify;\">Sport Vlaanderen &#8211; Baloise<br \/>\n91 ALLEGAERT Piet<br \/>\n92 DE GENDT Aime<br \/>\n93 FARAZIJN Maxime<br \/>\n94 RICKAERT Jonas<br \/>\n95 SPRENGERS Thomas<br \/>\n96 VAN GESTEL Dries<br \/>\n98 VAN LERBERGHE Bert<\/p>\n<p style=\"text-align: justify;\">V\u00e9randas Willems-Crelan<br \/>\n101 PREMONT Christophe<br \/>\n102 DE BONDT Dries<br \/>\n103 VAN BREUSSEGEM Elias<br \/>\n104 DUIJN Huub<br \/>\n105 VERGAERDE Otto<br \/>\n106 DUPONT Timothy<br \/>\n107 LIVYNS Arjen<br \/>\n108 TEUGELS Lennert<\/p>\n<p style=\"text-align: justify;\">Wanty &#8211; Groupe Gobert<br \/>\n111 BACKAERT Frederik<br \/>\n112 DEHAES Kenny<br \/>\n113 DEVRIENDT Tom<br \/>\n114 PASQUALON Andrea<br \/>\n115 SMITH Dion<br \/>\n116 VAN KEIRSBULCK Guillaume<br \/>\n117 VAN MELSEN Kevin<br \/>\n118 VANSPEYBROUCK Pieter<\/p>\n<p style=\"text-align: justify;\">WB Veranclassic Aqua Protect<br \/>\n121 HABEAUX Gregory<br \/>\n122 ISTA Kevyn<br \/>\n123 KIRSCH Alex<br \/>\n124 NAESEN Lawrence<br \/>\n125 MORTIER Julien<br \/>\n126 SPENGLER Lukas<br \/>\n127 VANTOMME Maxime<br \/>\n128 JULES Justin<\/p>\n<p style=\"text-align: justify;\">AGO-Aqua Service<br \/>\n131 LOY Antoine<br \/>\n132 DE WINTER Gordon<br \/>\n133 GOEBEERT Pierre<br \/>\n134 DEBUY Anthony<br \/>\n135 BAUDE Arthur<br \/>\n136 SIX Franklin<br \/>\n137 TASSET Marvin<br \/>\n138 VAHTRA Norman<\/p>\n<p style=\"text-align: justify;\">Equipe Cycliste Arm\u00e9e de Terre<br \/>\n141 LEVASSEUR Jordan<br \/>\n142 DUCULTY Bastien<br \/>\n143 GUYOT Yann<br \/>\n144 LEBRETON K\u00e9vin<br \/>\n145 MAINARD Jerome<br \/>\n146 POULHIES St\u00e9phane<br \/>\n147 RAIBAUD Jimmy<br \/>\n148 TRONET Steven<\/p>\n<p style=\"text-align: justify;\">Cibel &#8211; Cebon<br \/>\n151 COBBAERT Robby<br \/>\n152 DE JONGHE Kevin<br \/>\n153 DE WITTE Mathias<br \/>\n154 DIELEMAN Michiel<br \/>\n155 JANSSENS Jimmy<br \/>\n156 REYNAERTS Wim<br \/>\n158 STALLAERT Joeri<\/p>\n<p style=\"text-align: justify;\">Team Joker Icopal<br \/>\n161 HALVORSEN Kristoffer<br \/>\n162 FORFANG Ole<br \/>\n163 TILLER Rasmus<br \/>\n164 HOELGAARD Markus<br \/>\n165 HOEM Bj\u00f8rn Tore<br \/>\n166 HAGEN Carl Fredrik<br \/>\n168 KNOTTEN Iver<\/p>\n<p style=\"text-align: justify;\">Leopard Pro Cycling<br \/>\n171 BROCKHOFF Jan<br \/>\n172 FOTI Carmelo<br \/>\n173 WIRTGEN Luc<br \/>\n174 MANDRYSCH John<br \/>\n175 N\u00d6MMELA Aksel<br \/>\n176 PONS Gaetan<br \/>\n177 REKITA Szymon<br \/>\n178 WIRTGEN Tom<\/p>\n<p style=\"text-align: justify;\">Pauwels sauzen &#8211; Vastgoedservice Continental Team<br \/>\n181 BOUCHER David<br \/>\n182 BOUVRY Dieter<br \/>\n183 DRUYTS Gerry<br \/>\n184 GEUENS Alexander<br \/>\n185 STEVENS Timothy<br \/>\n188 VERHELST Louis<\/p>\n<p style=\"text-align: justify;\">Roubaix Lille M\u00e9tropole<br \/>\n191 CALLEEUW Joeri<br \/>\n192 POUILLY F\u00e9lix<br \/>\n193 SEYNAEVE Lander<br \/>\n194 VEREECKEN Nicolas<br \/>\n195 VERMEULEN Emiel<br \/>\n196 JOLY Thomas<\/p>\n<p style=\"text-align: justify;\">Tarteletto &#8211; Isorex<br \/>\n201 RUIJGH Rob<br \/>\n202 GOEMAN Jonas<br \/>\n203 BREYNE Jonathan<br \/>\n208 LEIGH Andy<br \/>\n209 VERWAEST Kevin<\/p>\n<p style=\"text-align: justify;\">T.Palm &#8211; Pole Continental Wallon<br \/>\n211 BUNTINX Auxence<br \/>\n212 DECOSTER Merlijn<br \/>\n213 DIDIER Antoine<br \/>\n214 HAAG Guillaume<br \/>\n215 HAUBRUGE Robin<br \/>\n216 K\u00d8RNER Max Emil<br \/>\n217 PICOUX Maximilien<br \/>\n218 WALSH Edward<\/p>\n","protected":false},"excerpt":{"rendered":"<p>30\u00e8me \u00e9dition de Binche-Chimay-Binche (1.1) Binche &#8211; Binche (195,2 km) Informations Cr\u00e9\u00e9e en 1911, la semi-Classique de Binche-Chimay-Binche ne f\u00eatera pourtant, ce mardi, que sa trenti\u00e8me \u00e9dition. Et pour cause, la course\u00a0wallonne n&rsquo;a pas eu lieu de 1931 \u00e0 1983 puis de 1997 \u00e0 2009. Relanc\u00e9e en 2010 avec l&rsquo;appellation de\u00a0M\u00e9morial Frank Vandenbroucke, l&rsquo;\u00e9preuve dispose &hellip;<\/p>\n","protected":false},"author":5,"featured_media":43672,"comment_status":"open","ping_status":"open","sticky":false,"template":"","format":"standard","meta":{"footnotes":""},"categories":[11,194,24,15],"tags":[],"class_list":["post-43667","post","type-post","status-publish","format-standard","has-post-thumbnail","hentry","category-news-niveau-2","category-binche-chimay-binche","category-presentation-course","category-route"],"_links":{"self":[{"href":"https:\/\/cyclingpro.net\/velopro\/wp-json\/wp\/v2\/posts\/43667","targetHints":{"allow":["GET"]}}],"collection":[{"href":"https:\/\/cyclingpro.net\/velopro\/wp-json\/wp\/v2\/posts"}],"about":[{"href":"https:\/\/cyclingpro.net\/velopro\/wp-json\/wp\/v2\/types\/post"}],"author":[{"embeddable":true,"href":"https:\/\/cyclingpro.net\/velopro\/wp-json\/wp\/v2\/users\/5"}],"replies":[{"embeddable":true,"href":"https:\/\/cyclingpro.net\/velopro\/wp-json\/wp\/v2\/comments?post=43667"}],"version-history":[{"count":0,"href":"https:\/\/cyclingpro.net\/velopro\/wp-json\/wp\/v2\/posts\/43667\/revisions"}],"wp:featuredmedia":[{"embeddable":true,"href":"https:\/\/cyclingpro.net\/velopro\/wp-json\/wp\/v2\/media\/43672"}],"wp:attachment":[{"href":"https:\/\/cyclingpro.net\/velopro\/wp-json\/wp\/v2\/media?parent=43667"}],"wp:term":[{"taxonomy":"category","embeddable":true,"href":"https:\/\/cyclingpro.net\/velopro\/wp-json\/wp\/v2\/categories?post=43667"},{"taxonomy":"post_tag","embeddable":true,"href":"https:\/\/cyclingpro.net\/velopro\/wp-json\/wp\/v2\/tags?post=43667"}],"curies":[{"name":"wp","href":"https:\/\/api.w.org\/{rel}","templated":true}]}}