{"id":43585,"date":"2017-10-02T09:58:15","date_gmt":"2017-10-02T07:58:15","guid":{"rendered":"http:\/\/cyclingpro.net\/velopro\/?p=43585"},"modified":"2017-10-02T10:14:18","modified_gmt":"2017-10-02T08:14:18","slug":"dan-mclay-heureux-de-finir-bonne-note","status":"publish","type":"post","link":"https:\/\/cyclingpro.net\/velopro\/course\/eurometropole-tour\/dan-mclay-heureux-de-finir-bonne-note\/","title":{"rendered":"Dan McLay \u00ab\u00a0heureux de finir sur une bonne note\u00a0\u00bb"},"content":{"rendered":"<p style=\"text-align: justify;\">La saison 2017 de Dan McLay n&rsquo;a pas \u00e9t\u00e9 des plus simples. Si le coureur britannique avait parfaitement d\u00e9marr\u00e9 l&rsquo;ann\u00e9e avec un joli succ\u00e8s lors du Troph\u00e9e de Majorque, fin janvier, il a d\u00fb patienter jusqu&rsquo;au 1er octobre pour d\u00e9crocher, hier, sa seconde victoire en 2017\u00a0l&rsquo;occasion du Tour de l&rsquo;Eurom\u00e9tropole. Auteur de quelques accessits ces derniers mois, le sprinteur de la Fortuneo-Oscaro ne parvenait pas \u00e0 exprimer sa vitesse habituelle et \u00e0 se m\u00ealer \u00e0 la bagarre pour la gagne. Dimanche, Dan McLay a fait preuve d&rsquo;une belle r\u00e9sistance pour figurer dans le peloton tr\u00e8s r\u00e9duit qui s&rsquo;est jou\u00e9 la victoire \u00e0 Tournai, apr\u00e8s une course mouvement\u00e9e. Anthony Turgis (Cofidis), parti dans le dernier kilom\u00e8tre, s&rsquo;est \u00e9cras\u00e9 quelques m\u00e8tres avant la ligne, permettant au Britannique d&rsquo;aller lever les bras. Enfin.<\/p>\n<p style=\"text-align: justify;\"><em>\u00ab\u00a0J\u2019ai retrouv\u00e9 la recette pour gagner,<\/em> s&rsquo;est-il exclam\u00e9. <em>J\u2019ai connu des moments difficiles cette\u00a0ann\u00e9e mais je conclus la saison comme je l\u2019avais commenc\u00e9, par une gagne. Je suis tr\u00e8s content d\u2019avoir lev\u00e9 les bras aujourd\u2019hui (hier). La course a \u00e9t\u00e9 difficile, \u00e7a a roul\u00e9 du d\u00e9but \u00e0 la fin. Thibault Guernalec m\u2019a vraiment bien prot\u00e9g\u00e9 du vent. Je me suis accroch\u00e9 dans la derni\u00e8re bosse. J\u2019\u00e9tais dans le rouge en haut, je me suis mis dans les roues, pour r\u00e9cup\u00e9rer, je savais que j\u2019avais la puissance pour aller la chercher. C\u2019\u00e9tait juste (rires). Anthony Turgis a lev\u00e9 les bras trop t\u00f4t, mais je pense que je passais quand m\u00eame. Je suis heureux de finir la saison sur\u00a0cette bonne note. \u00bb\u00a0<\/em><\/p>\n<p style=\"text-align: justify;\">Du c\u00f4t\u00e9 de Roger Tr\u00e9hin, directeur sportif de la Fortuneo-Oscaro, on savourait \u00e9galement ce douzi\u00e8me bouquet de l&rsquo;ann\u00e9e pour la structure bretonne. <em>\u00ab\u00a0Dan \u00e9tait particuli\u00e8rement fort,<\/em> disait-il. <em>C\u2019est l\u2019un des seuls sprinteurs \u00e0 passer le dernier mont. En entendant la composition du groupe, je me suis dit\u00a0<\/em><br \/>\n<em>que \u00e7a allait nous sourire aujourd\u2019hui. En dehors de la victoire, nos stagiaires ont abattu un travail monstre. Ils n\u2019ont rien l\u00e2ch\u00e9, malgr\u00e9 le vent et les bordures. Je suis content que Dan ait r\u00e9ussi \u00e0 finir le travail.\u00a0\u00bb<\/em><\/p>\n","protected":false},"excerpt":{"rendered":"<p>La saison 2017 de Dan McLay n&rsquo;a pas \u00e9t\u00e9 des plus simples. Si le coureur britannique avait parfaitement d\u00e9marr\u00e9 l&rsquo;ann\u00e9e avec un joli succ\u00e8s lors du Troph\u00e9e de Majorque, fin janvier, il a d\u00fb patienter jusqu&rsquo;au 1er octobre pour d\u00e9crocher, hier, sa seconde victoire en 2017\u00a0l&rsquo;occasion du Tour de l&rsquo;Eurom\u00e9tropole. Auteur de quelques accessits ces &hellip;<\/p>\n","protected":false},"author":5,"featured_media":43587,"comment_status":"open","ping_status":"open","sticky":false,"template":"","format":"standard","meta":{"footnotes":""},"categories":[11,192,15],"tags":[],"class_list":["post-43585","post","type-post","status-publish","format-standard","has-post-thumbnail","hentry","category-news-niveau-2","category-eurometropole-tour","category-route"],"_links":{"self":[{"href":"https:\/\/cyclingpro.net\/velopro\/wp-json\/wp\/v2\/posts\/43585","targetHints":{"allow":["GET"]}}],"collection":[{"href":"https:\/\/cyclingpro.net\/velopro\/wp-json\/wp\/v2\/posts"}],"about":[{"href":"https:\/\/cyclingpro.net\/velopro\/wp-json\/wp\/v2\/types\/post"}],"author":[{"embeddable":true,"href":"https:\/\/cyclingpro.net\/velopro\/wp-json\/wp\/v2\/users\/5"}],"replies":[{"embeddable":true,"href":"https:\/\/cyclingpro.net\/velopro\/wp-json\/wp\/v2\/comments?post=43585"}],"version-history":[{"count":0,"href":"https:\/\/cyclingpro.net\/velopro\/wp-json\/wp\/v2\/posts\/43585\/revisions"}],"wp:featuredmedia":[{"embeddable":true,"href":"https:\/\/cyclingpro.net\/velopro\/wp-json\/wp\/v2\/media\/43587"}],"wp:attachment":[{"href":"https:\/\/cyclingpro.net\/velopro\/wp-json\/wp\/v2\/media?parent=43585"}],"wp:term":[{"taxonomy":"category","embeddable":true,"href":"https:\/\/cyclingpro.net\/velopro\/wp-json\/wp\/v2\/categories?post=43585"},{"taxonomy":"post_tag","embeddable":true,"href":"https:\/\/cyclingpro.net\/velopro\/wp-json\/wp\/v2\/tags?post=43585"}],"curies":[{"name":"wp","href":"https:\/\/api.w.org\/{rel}","templated":true}]}}