{"id":43412,"date":"2017-09-30T09:30:00","date_gmt":"2017-09-30T07:30:00","guid":{"rendered":"http:\/\/cyclingpro.net\/velopro\/?p=43412"},"modified":"2017-09-30T10:01:11","modified_gmt":"2017-09-30T08:01:11","slug":"tour-demilie-presentation-de-100eme-edition","status":"publish","type":"post","link":"https:\/\/cyclingpro.net\/velopro\/course\/giro-dell-emilia\/tour-demilie-presentation-de-100eme-edition\/","title":{"rendered":"Tour d&rsquo;Emilie : Pr\u00e9sentation de la 100\u00e8me \u00e9dition"},"content":{"rendered":"<p style=\"text-align: justify;\"><strong>100\u00e8me Tour d&rsquo;Emilie (1.HC) &#8211; 30 septembre<\/strong><br \/>\n<strong> Bologne &#8211; San Luca (223 km)<\/strong><\/p>\n<h3 style=\"text-align: justify;\">Infos<\/h3>\n<p style=\"text-align: justify;\">\u00c0 une semaine du Tour de Lombardie, point d&rsquo;orgue de la saison pour beaucoup, les divers pr\u00e9tendants \u00e0 la victoire sur la Classique des feuilles mortes vont avoir l&rsquo;opportunit\u00e9 de se mettre en jambes, ce samedi, \u00e0 l&rsquo;occasion du Tour d&rsquo;Emilie. Cr\u00e9\u00e9e en 1909, la semi-classique transalpine f\u00eate cette saison sa 100\u00e8me \u00e9dition sur un trac\u00e9 l\u00e9g\u00e8rement retouch\u00e9\u00a0entre Bologne et San Luca, et avec un plateau joliment garni de plusieurs t\u00eates d&rsquo;affiches.<\/p>\n<p style=\"text-align: justify;\">\u00c0 travers les 223 kilom\u00e8tres au programme &#8211; soit 10 de plus qu&rsquo;en 2016 -, les coureurs auront \u00e0 avaler 1900 m\u00e8tres de d\u00e9nivel\u00e9. Une bonne partie sera \u00e0 couvrir \u00e0 la mi-course, avec l&rsquo;ascension du Passo del Brasimone. Il sera toutefois trop loin pour lancer les hostilit\u00e9s, tout comme ce le sera probablement apr\u00e8s 140 kilom\u00e8tres, au moment d&rsquo;aborder le pied de la mont\u00e9e de Ganzole (2 km \u00e0 10 %). Finalement, comme de coutume, la diff\u00e9rence devrait s&rsquo;\u00e9tablir sur le circuit local de 9,3 kilom\u00e8tres autour de San Luca. Il faudra la couvrir quatre fois mais la bosse du circuit, longue de 2100 m\u00e8tres, avoisinant les 10% de moyenne et comprenant un passage \u00e0 18%, sera elle arpent\u00e9e cinq fois. C&rsquo;est \u00e9videmment en haut que sera jug\u00e9e l&rsquo;arriv\u00e9e.<\/p>\n<p style=\"text-align: justify;\">Laur\u00e9at l&rsquo;an pass\u00e9, Esteban Chaves est pr\u00e9sent ce samedi pour d\u00e9fendre sa couronne. Il aura fort \u00e0 faire en raison de la pr\u00e9sence de nombreux grimpeurs et puncheurs de talent, tels que Thibaut Pinot, Gianni Moscon, Diego Rosa, Vincenzo Nibali, Rigoberto Uran, Domenico Pozzovivo, Alexis Vuillermoz, Fabio Aru, Dylan Teuns et quelques autres.<\/p>\n<h3 style=\"text-align: justify;\">Carte et profils<\/h3>\n<div id='gallery-1' class='gallery galleryid-43412 gallery-columns-3 gallery-size-thumbnail'><figure class='gallery-item'>\n\t\t\t<div class='gallery-icon portrait'>\n\t\t\t\t<a href='https:\/\/cyclingpro.net\/velopro\/wp-content\/uploads\/2017\/09\/Capture-d\u2019e\u0301cran-2017-09-30-a\u0300-09.30.06.png'><img loading=\"lazy\" decoding=\"async\" width=\"150\" height=\"150\" src=\"https:\/\/cyclingpro.net\/velopro\/wp-content\/uploads\/2017\/09\/Capture-d\u2019e\u0301cran-2017-09-30-a\u0300-09.30.06-150x150.png\" class=\"attachment-thumbnail size-thumbnail\" alt=\"\" \/><\/a>\n\t\t\t<\/div><\/figure><figure class='gallery-item'>\n\t\t\t<div class='gallery-icon landscape'>\n\t\t\t\t<a href='https:\/\/cyclingpro.net\/velopro\/wp-content\/uploads\/2017\/09\/Capture-d\u2019e\u0301cran-2017-09-30-a\u0300-09.30.27.png'><img loading=\"lazy\" decoding=\"async\" width=\"150\" height=\"150\" src=\"https:\/\/cyclingpro.net\/velopro\/wp-content\/uploads\/2017\/09\/Capture-d\u2019e\u0301cran-2017-09-30-a\u0300-09.30.27-150x150.png\" class=\"attachment-thumbnail size-thumbnail\" alt=\"\" \/><\/a>\n\t\t\t<\/div><\/figure><figure class='gallery-item'>\n\t\t\t<div class='gallery-icon landscape'>\n\t\t\t\t<a href='https:\/\/cyclingpro.net\/velopro\/wp-content\/uploads\/2017\/09\/Capture-d\u2019e\u0301cran-2017-09-30-a\u0300-09.30.55.png'><img loading=\"lazy\" decoding=\"async\" width=\"150\" height=\"150\" src=\"https:\/\/cyclingpro.net\/velopro\/wp-content\/uploads\/2017\/09\/Capture-d\u2019e\u0301cran-2017-09-30-a\u0300-09.30.55-150x150.png\" class=\"attachment-thumbnail size-thumbnail\" alt=\"\" \/><\/a>\n\t\t\t<\/div><\/figure><figure class='gallery-item'>\n\t\t\t<div class='gallery-icon landscape'>\n\t\t\t\t<a href='https:\/\/cyclingpro.net\/velopro\/wp-content\/uploads\/2017\/09\/Capture-d\u2019e\u0301cran-2017-09-30-a\u0300-09.31.05.png'><img loading=\"lazy\" decoding=\"async\" width=\"150\" height=\"150\" src=\"https:\/\/cyclingpro.net\/velopro\/wp-content\/uploads\/2017\/09\/Capture-d\u2019e\u0301cran-2017-09-30-a\u0300-09.31.05-150x150.png\" class=\"attachment-thumbnail size-thumbnail\" alt=\"\" \/><\/a>\n\t\t\t<\/div><\/figure>\n\t\t<\/div>\n\n<h3 style=\"text-align: justify;\">Palmar\u00e8s<\/h3>\n<p style=\"text-align: justify;\">2016\u00a0CHAVES Esteban<br \/>\n2015\u00a0BAKELANTS Jan<br \/>\n2014\u00a0REBELLIN Davide<br \/>\n2013\u00a0ULISSI Diego<br \/>\n2012\u00a0QUINTANA Nairo<br \/>\n2011\u00a0BETANCUR Carlos<br \/>\n2010 GESINK Robert<br \/>\n2009 GESINK Robert<br \/>\n2008 DI LUCA Danilo<br \/>\n2007 SCHLECK Frank<\/p>\n<h3 style=\"text-align: justify;\">Favoris<\/h3>\n<p class=\"p1\" style=\"text-align: justify;\">**** Adam Yates, Rigoberto Uran<\/p>\n<p class=\"p1\" style=\"text-align: justify;\">*** Vincenzo Nibali, Fabio Aru, Esteban Chaves<\/p>\n<p class=\"p1\" style=\"text-align: justify;\">** Thibaut Pinot, Diego Rosa, Gianni Moscon, Alexis Vuillermoz<\/p>\n<p class=\"p1\" style=\"text-align: justify;\">* Egan Bernal, Diego Ulissi, Nicolas Roche, Sergio Henao, Davide Formolo<\/p>\n<h3 style=\"text-align: justify;\">Liste des partants<\/h3>\n<p style=\"text-align: justify;\">Orica \u2013 Scott<br \/>\n1 CHAVES Johan Esteban<br \/>\n2 HOWSON Damien<br \/>\n3 KREUZIGER Roman<br \/>\n4 PLAZA Rub\u00e9n<br \/>\n5 KEUKELEIRE Jens<br \/>\n6 HAIG Jack<br \/>\n7 VERONA Carlos<br \/>\n8 YATES Adam<\/p>\n<p style=\"text-align: justify;\">FDJ<br \/>\n11 PINOT Thibaut<br \/>\n12 MOLARD Rudy<br \/>\n13 LADAGNOUS Matthieu<br \/>\n14 GAUDU David<br \/>\n15 ROUX Anthony<br \/>\n16 ROY J\u00e9r\u00e9my<br \/>\n17 MORABITO Steve<br \/>\n18 REICHENBACH Sebastien<\/p>\n<p style=\"text-align: justify;\">Team Sky<br \/>\n21 ELISSONDE Kenny<br \/>\n22 HENAO Sebasti\u00e1n<br \/>\n23 HENAO Sergio Luis<br \/>\n24 BOSWELL Ian<br \/>\n25 PUCCIO Salvatore<br \/>\n26 MOSCON Gianni<br \/>\n27 GEOGHEGAN HART Tao<br \/>\n28 ROSA Diego<\/p>\n<p style=\"text-align: justify;\">Bahrain \u2013 Merida<br \/>\n31 NIBALI Vincenzo<br \/>\n32 GASPAROTTO Enrico<br \/>\n33 NIBALI Antonio<br \/>\n34 PELLIZOTTI Franco<br \/>\n35 VISCONTI Giovanni<br \/>\n36 BOARO Manuele<br \/>\n37 GAROSIO Andrea<br \/>\n38 BOLE Grega<\/p>\n<p style=\"text-align: justify;\">UAE Team Emirates<br \/>\n41 ATAPUMA John Darwin<br \/>\n42 CONTI Valerio<br \/>\n43 MORI Manuele<br \/>\n44 NIEMIEC Przemyslaw<br \/>\n45 PETILLI Simone<br \/>\n46 ROMANO Francesco<br \/>\n47 RAVASI Edward<br \/>\n48 ULISSI Diego<\/p>\n<p style=\"text-align: justify;\">Dimension Data<br \/>\n51 ANTON Igor<br \/>\n52 BERHANE Natnael<br \/>\n54 DEBESAY Mekseb<br \/>\n55 KING Benjamin<br \/>\n56 MORTON Lachlan<br \/>\n57 NIYONSHUTI Adrien<br \/>\n58 GEBREIGZABHIER Amanuel<\/p>\n<p style=\"text-align: justify;\">Trek \u2013 Segafredo<br \/>\n61 BERNARD Julien<br \/>\n62 COLEDAN Marco<br \/>\n63 DANIEL Gregory<br \/>\n64 DIDIER Laurent<br \/>\n65 ALAFACI Eugenio<br \/>\n67 PANTANO Jarlinson<br \/>\n68 STETINA Peter<\/p>\n<p style=\"text-align: justify;\">Cannondale \u2013 Drapac<br \/>\n71 URAN Rigoberto<br \/>\n72 CARTHY Hugh<br \/>\n73 VILLELLA Davide<br \/>\n74 FORMOLO Davide<br \/>\n75 MONK Cyrus<br \/>\n76 SLAGTER Tom-Jelte<br \/>\n77 CANTY Brendan<\/p>\n<p style=\"text-align: justify;\">AG2R La Mondiale<br \/>\n81 BAKELANTS Jan<br \/>\n82 BIDARD Fran\u00e7ois<br \/>\n83 CH\u00c9REL Micka\u00ebl<br \/>\n84 GASTAUER Ben<br \/>\n85 GENIEZ Alexandre<br \/>\n86 FRANK Mathias<br \/>\n87 POZZOVIVO Domenico<br \/>\n88 VUILLERMOZ Alexis<\/p>\n<p style=\"text-align: justify;\">Astana<br \/>\n91 ARU Fabio<br \/>\n92 CATALDO Dario<br \/>\n93 BILBAO Pello<br \/>\n94 LAUK Karl Patrick<br \/>\n95 HANSEN Jesper<br \/>\n96 CHERNETCKII Sergei<br \/>\n97 MOSER Moreno<br \/>\n98 ZEITS Andrey<\/p>\n<p style=\"text-align: justify;\">Sangemini \u2013 MG.Kvis<br \/>\n101 PUCCIONI Dario<br \/>\n102 BONGIORNO Francesco Manuel<br \/>\n103 GAFFURINI Nicola<br \/>\n104 GAZZARA Michele<br \/>\n105 TOT\u00d2 Paolo<br \/>\n106 SALVIETTI Niccol\u00f2<br \/>\n108 SCARONI Cristian<\/p>\n<p style=\"text-align: justify;\">BMC<br \/>\n111 CARUSO Damiano<br \/>\n112 DE MARCHI Alessandro<br \/>\n113 HERMANS Ben<br \/>\n114 M\u00dcLLER Patrick<br \/>\n115 ROCHE Nicolas<br \/>\n116 SENNI Manuel<br \/>\n117 TEUNS Dylan<br \/>\n118 VLIEGEN Lo\u00efc<\/p>\n<p style=\"text-align: justify;\">Cofidis<br \/>\n121 BAGOT Yoann<br \/>\n122 BONNAFOND Guillaume<br \/>\n123 EDET Nicolas<br \/>\n124 PEREZ Anthony<br \/>\n125 LE TURNIER Matthias<br \/>\n126 MAT\u00c9 Luis \u00c1ngel<br \/>\n127 ROSSETTO Stephane<br \/>\n128 SIMON Julien<\/p>\n<p style=\"text-align: justify;\">Wanty \u2013 Groupe Gobert<br \/>\n131 ANTONINI Simone<br \/>\n132 DEGAND Thomas<br \/>\n133 DOUBEY Fabien<br \/>\n134 MARTIN Guillaume<br \/>\n135 MEURISSE Xandro<br \/>\n136 MINNAARD Marco<br \/>\n137 PASQUALON Andrea<br \/>\n138 NAPOLITANO Danilo<\/p>\n<p style=\"text-align: justify;\">Gazprom \u2013 RusVelo<br \/>\n141 ARSLANOV Ildar<br \/>\n142 FIRSANOV Sergey<br \/>\n143 BRUTT Pavel<br \/>\n144 KOZONCHUK Dmitry<br \/>\n145 NYCH Artem<br \/>\n146 LAGUTIN Sergey<br \/>\n147 ROVNY Ivan<br \/>\n148 CHERKASOV Nicolay<\/p>\n<p style=\"text-align: justify;\">Bardiani \u2013 CSF<br \/>\n151 ANDREETTA Simone<br \/>\n152 BARBIN Enrico<br \/>\n153 ORSINI Umberto<br \/>\n154 CICCONE Giulio<br \/>\n155 STERBINI Simone<br \/>\n156 ROTA Lorenzo<br \/>\n157 VELASCO Simone<br \/>\n158 ZARDINI Edoardo<\/p>\n<p style=\"text-align: justify;\">Wilier Triestina \u2013 Selle Italia<br \/>\n161 MOSCA Jacopo<br \/>\n162 BUSATO Matteo<br \/>\n163 FLOREZ Miguel Eduardo<br \/>\n164 GODOY Yonder<br \/>\n165 KOSHEVOY Ilia<br \/>\n166 MARTINEZ Daniel Felipe<br \/>\n167 RODR\u00cdGUEZ Cristian<br \/>\n168 ZHUPA Eugert<\/p>\n<p style=\"text-align: justify;\">Androni Giocattoli \u2013 Sidermec<br \/>\n171 BERNAL Egan Arley<br \/>\n172 CATTANEO Mattia<br \/>\n173 FRAPPORTI Marco<br \/>\n174 FRAPPORTI Mattia<br \/>\n175 GAVAZZI Francesco<br \/>\n176 MASNADA Fausto<br \/>\n177 TORRES Rodolfo Andres<br \/>\n178 SOSA Ivan Ramiro<\/p>\n<p style=\"text-align: justify;\">Nippo \u2013 Vini Fantini<br \/>\n181 BAGIOLI Nicola<br \/>\n182 BERLATO Giacomo<br \/>\n183 BISOLTI Alessandro<br \/>\n184 CUNEGO Damiano<br \/>\n185 FILOSI Iuri<br \/>\n186 KOBAYASHI Marino<br \/>\n187 NAKANE Hideto<br \/>\n188 SANTAROMITA Ivan<\/p>\n<p style=\"text-align: justify;\">CCC Sprandi Polkowice<br \/>\n191 GROSSSCHARTNER Felix<br \/>\n192 HIRT Jan<br \/>\n193 KACZMAREK Jakub<br \/>\n194 PLUCINSKI Leszek<br \/>\n195 MROZEK Marcin<br \/>\n196 SCHLEGEL Michal<\/p>\n<p style=\"text-align: justify;\">Caja Rural \u2013 RGA<br \/>\n201 PARDILLA Sergio<br \/>\n202 MAS Llu\u00eds Guillermo<br \/>\n203 PAGE Dylan<br \/>\n204 BUTLER Chris<br \/>\n205 PRADES Eduard<br \/>\n206 CELANO Danilo<br \/>\n207 SERRANO Gonzalo<br \/>\n208 RUBIO Diego<\/p>\n<p style=\"text-align: justify;\">Amore &amp; Vita \u2013 Selle SMP presented by FONDRIEST<br \/>\n211 BANUSHI Besmir<br \/>\n212 BERNARDINETTI Marco<br \/>\n214 MANCINI Francesco<br \/>\n215 FICARA Pierpaolo<br \/>\n216 MARTINS Uri<br \/>\n218 HALILAJ Redi<\/p>\n<p style=\"text-align: justify;\">GM Europa Ovini<br \/>\n221 BROGI Adriano<br \/>\n222 DI SANTE Antonio<br \/>\n223 MAUTI Rossano<br \/>\n224 PACCHIARDO Davide<br \/>\n225 PARRINELLO Antonino<br \/>\n226 ROTONDI Matteo<br \/>\n227 RUSCETTA Andrea<br \/>\n228 TIZZA Marco<\/p>\n<p style=\"text-align: justify;\">Unieuro Trevigiani \u2013 Hemus 1896<br \/>\n231 ABDERRAHIM Zahiri<br \/>\n232 ALMEIDA Jo\u00e3o<br \/>\n233 MOLTENI Marco<br \/>\n234 RAVANELLI Simone<br \/>\n235 ALONSO Donovan<br \/>\n236 TIVANI German Nicolas<br \/>\n237 CENGHIALTA Riccardo<br \/>\n238 VIEL Mattia<\/p>\n","protected":false},"excerpt":{"rendered":"<p>100\u00e8me Tour d&rsquo;Emilie (1.HC) &#8211; 30 septembre Bologne &#8211; San Luca (223 km) Infos \u00c0 une semaine du Tour de Lombardie, point d&rsquo;orgue de la saison pour beaucoup, les divers pr\u00e9tendants \u00e0 la victoire sur la Classique des feuilles mortes vont avoir l&rsquo;opportunit\u00e9 de se mettre en jambes, ce samedi, \u00e0 l&rsquo;occasion du Tour d&rsquo;Emilie. &hellip;<\/p>\n","protected":false},"author":5,"featured_media":43419,"comment_status":"open","ping_status":"open","sticky":false,"template":"","format":"standard","meta":{"footnotes":""},"categories":[27,17,24,16,187],"tags":[],"class_list":["post-43412","post","type-post","status-publish","format-standard","has-post-thumbnail","hentry","category-gros-bloc","category-une","category-presentation-course","category-startlist","category-giro-dell-emilia"],"_links":{"self":[{"href":"https:\/\/cyclingpro.net\/velopro\/wp-json\/wp\/v2\/posts\/43412","targetHints":{"allow":["GET"]}}],"collection":[{"href":"https:\/\/cyclingpro.net\/velopro\/wp-json\/wp\/v2\/posts"}],"about":[{"href":"https:\/\/cyclingpro.net\/velopro\/wp-json\/wp\/v2\/types\/post"}],"author":[{"embeddable":true,"href":"https:\/\/cyclingpro.net\/velopro\/wp-json\/wp\/v2\/users\/5"}],"replies":[{"embeddable":true,"href":"https:\/\/cyclingpro.net\/velopro\/wp-json\/wp\/v2\/comments?post=43412"}],"version-history":[{"count":0,"href":"https:\/\/cyclingpro.net\/velopro\/wp-json\/wp\/v2\/posts\/43412\/revisions"}],"wp:featuredmedia":[{"embeddable":true,"href":"https:\/\/cyclingpro.net\/velopro\/wp-json\/wp\/v2\/media\/43419"}],"wp:attachment":[{"href":"https:\/\/cyclingpro.net\/velopro\/wp-json\/wp\/v2\/media?parent=43412"}],"wp:term":[{"taxonomy":"category","embeddable":true,"href":"https:\/\/cyclingpro.net\/velopro\/wp-json\/wp\/v2\/categories?post=43412"},{"taxonomy":"post_tag","embeddable":true,"href":"https:\/\/cyclingpro.net\/velopro\/wp-json\/wp\/v2\/tags?post=43412"}],"curies":[{"name":"wp","href":"https:\/\/api.w.org\/{rel}","templated":true}]}}