{"id":41755,"date":"2017-09-14T17:32:05","date_gmt":"2017-09-14T15:32:05","guid":{"rendered":"http:\/\/cyclingpro.net\/velopro\/?p=41755"},"modified":"2017-09-14T18:22:10","modified_gmt":"2017-09-14T16:22:10","slug":"tour-danemark-mads-pedersen-puncheur","status":"publish","type":"post","link":"https:\/\/cyclingpro.net\/velopro\/course\/danmark-rundt-tour-of-denmark\/tour-danemark-mads-pedersen-puncheur\/","title":{"rendered":"Tour du Danemark : Mads Pedersen en puncheur !"},"content":{"rendered":"<p style=\"text-align: justify;\"><em>Le champion du Danemark a particuli\u00e8rement fait honneur \u00e0 son maillot ce jeudi, sur l&rsquo;\u00e9tape reine de son tour national. Le jeune Mads Pedersen, 21 ans, est parvenu \u00e0 dompter le mur de\u00a0<span class=\"s1\">Kiddesvej pour s&rsquo;imposer tout en explosivit\u00e9 \u00e0 Vejle, apr\u00e8s 184 kilom\u00e8tres de course. Apr\u00e8s une \u00e9norme acc\u00e9l\u00e9ration dans le mur final, Pedersen a devanc\u00e9 de quelques longueurs son compatriote Michael Valgren (Astana) ainsi que le N\u00e9erlandais Lennard Hofstede (Sunweb). Le coureur de la Trek-Segafredo\u00a0s&#8217;empare par la m\u00eame occasion du maillot de leader.\u00a0<\/span><\/em><\/p>\n<p style=\"text-align: justify;\">Au lendemain d\u2019une \u00e9tape d\u2019abord neutralis\u00e9e, puis simplement annul\u00e9e, le peloton du Tour du Danemark reprenait la route pour de bon, ce jeudi, \u00e0 l\u2019occasion du troisi\u00e8me acte de l\u2019\u00e9preuve scandinave. Quelques coureurs semblaient d\u2019ailleurs tr\u00e8s motiv\u00e9s d\u00e8s le d\u00e9part, pour prendre la poudre d\u2019escampette, et le peloton ne s\u2019y oppose pas. Apr\u00e8s quelques minutes seulement, cinq hommes se retrouvent donc en t\u00eate. Il s\u2019agit de Mathias Krigbaum (ColoQuick CULT), Andreas Stokbro (Riwal Platform), Mathias Bregnh\u00f8j (BHS-ALmeborg-Bornholm), Benjamin Declercq (Sport Vlaanderen-Baloise) et Mikkel Skjellerup (Danemark). Apr\u00e8s une petite chasse, Danilo Napolitano (Wanty-Groupe Gobert) se joint aux quintette, et l\u2019\u00e9chapp\u00e9e se voit accorder un avantage de cinq minutes apr\u00e8s 30 kilom\u00e8tres. En t\u00eate de peloton, la Trek-Segafredo et Astana se contentent dans un premier temps de contr\u00f4ler. Puis, \u00e0 l\u2019entr\u00e9e dans la deuxi\u00e8me partie de course, l\u2019\u00e9cart se r\u00e9duit progressivement sous l\u2019impulsion des deux \u00e9curies WorldTour, mais aussi de la Giant-Castelli du leader Casper Pedersen.<\/p>\n<p style=\"text-align: justify;\">La pluie fait son apparition et s\u2019intensifie alors sur le parcours et l\u2019\u00e9chapp\u00e9e ne peut emp\u00eacher le rapproch\u00e9 du peloton. Celui-ci n\u2019est point\u00e9 qu\u2019\u00e0 une minute \u00e0 60 bornes du but, et le regroupement s\u2019op\u00e8re m\u00eame \u00e0 47 kilom\u00e8tres de l\u2019arriv\u00e9e. Alors que Matti Breschel (Astana) est victime d\u2019une s\u00e9v\u00e8re chute quelques instants plus tard, le peloton adopte d\u00e8s lors une allure plut\u00f4t mod\u00e9r\u00e9e, et aucune attaque n\u2019intervient, ce qui permet le retour de coureurs l\u00e2ch\u00e9s dans les difficult\u00e9s pr\u00e9c\u00e9dentes. Les coureurs attendent d\u00e9sormais la fameuse c\u00f4te de Kiddesvej et ses sections \u00e0 plus de 21%. \u00c0 l\u2019approche du premier des trois passages sur le juge de paix de l\u2019\u00e9tape, c\u2019est l\u2019\u00e9quipe du leader qui m\u00e8ne le peloton. La Giant-Castelli se contente seulement d\u2019imprimer un gros tempo dans l\u2019intention d\u2019emp\u00eacher les attaques. Elle ne parvient toutefois pas \u00e0 contenir Rasmus Guldhammer (Virtu Cycling), qui lance une premi\u00e8re offensive, toutefois rapidement neutralis\u00e9e. Les favoris tels que Michael Valgren (Astana) et Mads Pedersen (Trek-Segafredo) sont attentifs et un groupe d\u2019une quarantaine d\u2019hommes se reforme peu apr\u00e8s.<\/p>\n<p style=\"text-align: justify;\">L\u2019action continue n\u00e9anmoins puisque Patrick Clausen (Riwal Platform) and Phil Bauhas (Sunweb) prennent les devants dans la partie descendante, bient\u00f4t rejoint par Christophe Laporte (Cofidis). L\u2019habituel poisson-pilote de Nacer Bouhanni entame la deuxi\u00e8me ascension du Kiddesvej en t\u00eate mais voit revenir une fus\u00e9e du nom d\u2019Alexander Kamp (Virtu Cycling). L\u2019ancien champion du Danemark place une violente acc\u00e9l\u00e9ration et prend quelques longueurs d\u2019avance sur le reste de ses poursuivants au passage sur la ligne. Derri\u00e8re lui, c\u2019est finalement Jasper Stuyven (Trek-Segafredo) qui se d\u00e9cide \u00e0 acc\u00e9l\u00e9rer. Le Belge fait la jonction, mais la Sunweb fait le travail pour remettre tout en ordre \u00e0 l\u2019approche de l\u2019avant-derni\u00e8re mont\u00e9e du Kiddesvej. Il ne reste alors plus qu\u2019une trentaine d\u2019unit\u00e9s en lice pour la victoire, et c\u2019est cette fois Pieter Weening (Roompot-Nederlandse Loterij) qui place un d\u00e9marrage, dans son style caract\u00e9ristique. Le N\u00e9erlandais est pris en chasse par Pedersen, Valgren, deux coureurs de la Giant-Castelli et quelques autres, alors que le leader Casper Pedersen montre ses premi\u00e8res limites.<\/p>\n<p style=\"text-align: justify;\">Malgr\u00e9 tout, un nouveau regroupement s&rsquo;op\u00e8re \u00e0 la faveur du re-plat et de la descente qui suivent. Marco Minnaard (Wanty-Groupe Gobert) profite de cette portion pour anticiper, mais la tentative du N\u00e9erlandais \u00e9choue, la faute \u00e0 Jasper Stuyven, \u00e0 l&rsquo;ouvrage en t\u00eate de peloton. Le Belge m\u00e8ne d&rsquo;ailleurs la meute jusqu&rsquo;au pied de l&rsquo;ultime ascension du Kiddesvej, et d\u00e9clenche alors une acc\u00e9l\u00e9ration, dans un ultime\u00a0effort, pour propulser son jeune compagnon Mads Pedersen. Bien cal\u00e9 dans la roue, le champion du Danemark parvient \u00e0 encha\u00eener derri\u00e8re Stuyven et place un d\u00e9marrage qui laisse sur place tous ses rivaux. Le r\u00e9cent vainqueur du Tour du Poitou-Charentes prend dix m\u00e8tres d&rsquo;avance et les conserve jusqu&rsquo;au sommet de la bosse. Il reste les forces suffisantes au jeune Danois pour relancer dans les 300 derniers m\u00e8tres, sur le plat, et ainsi aller lever les bras sur la ligne d&rsquo;arriv\u00e9e. Derri\u00e8re lui, Michael Valgren (Astana) doit se contenter de la seconde place, et Lennard Hofstede (Sunweb) franchit lui la ligne en troisi\u00e8me position. Le jeune Casper Pedersen se voit subtilis\u00e9 son maillot de leader par un autre Pedersen, Mads celui-ci.<\/p>\n<p style=\"text-align: justify;\"><strong>Classement de la troisi\u00e8me \u00e9tape<\/strong><\/p>\n<p style=\"text-align: justify;\">1 Mads Pedersen (Trek &#8211; Segafredo)<br \/>\n2 Michael Valgren (Astana Pro Team) \u00e0 0&rsquo;03<br \/>\n3 Lennard Hofstede (Team Sunweb) \u00e0 0&rsquo;06<br \/>\n4 Rasmus Guldhammer (Team Virtu Cycling) m.t<br \/>\n5 Pieter Weening (Roompot &#8211; Nederlandse Loterij) \u00e0 0&rsquo;12<br \/>\n6 Fabien Grellier (Direct Energie) \u00e0 0&rsquo;13<br \/>\n7 Marco Minnaard (Wanty &#8211; Groupe Gobert) \u00e0 0&rsquo;14<br \/>\n8 Alexander Kamp (Team Virtu Cycling) \u00e0 0&rsquo;18<br \/>\n9 Jonas Gregaard Wilsly (Riwal Platform Cycling Team) \u00e0 0&rsquo;21<br \/>\n10 Dries Van Gestel (Sport Vlaanderen &#8211; Baloise) m.t<\/p>\n<p style=\"text-align: justify;\"><strong>G\u00e9n\u00e9ral apr\u00e8s la troisi\u00e8me \u00e9tape<\/strong><\/p>\n<p style=\"text-align: justify;\">1 Mads Pedersen (Trek &#8211; Segafredo)<br \/>\n2 Michael Valgren (Astana Pro Team) \u00e0 0&rsquo;09<br \/>\n3 Lennard Hofstede (Team Sunweb) \u00e0 0&rsquo;14<br \/>\n4 Rasmus Guldhammer (Team Virtu Cycling) \u00e0 0&rsquo;18<br \/>\n5 Casper Pedersen (Team Giant &#8211; Castelli) \u00e0 0&rsquo;19<br \/>\n6 Pieter Weening (Roompot &#8211; Nederlandse Loterij) \u00e0 0&rsquo;24<br \/>\n7 Fabien Grellier (Direct Energie) \u00e0 0&rsquo;25<br \/>\n8 Marco Minnaard (Wanty &#8211; Groupe Gobert) \u00e0 0&rsquo;26<br \/>\n9 Alexander Kamp (Team Virtu Cycling) \u00e0 0&rsquo;30<br \/>\n10 Dries Van Gestel (Sport Vlaanderen &#8211; Baloise) m.t<\/p>\n","protected":false},"excerpt":{"rendered":"<p>Le champion du Danemark a particuli\u00e8rement fait honneur \u00e0 son maillot ce jeudi, sur l&rsquo;\u00e9tape reine de son tour national. Le jeune Mads Pedersen, 21 ans, est parvenu \u00e0 dompter le mur de\u00a0Kiddesvej pour s&rsquo;imposer tout en explosivit\u00e9 \u00e0 Vejle, apr\u00e8s 184 kilom\u00e8tres de course. Apr\u00e8s une \u00e9norme acc\u00e9l\u00e9ration dans le mur final, Pedersen a &hellip;<\/p>\n","protected":false},"author":5,"featured_media":41766,"comment_status":"open","ping_status":"open","sticky":false,"template":"","format":"standard","meta":{"footnotes":""},"categories":[27,17,14,15,171],"tags":[],"class_list":["post-41755","post","type-post","status-publish","format-standard","has-post-thumbnail","hentry","category-gros-bloc","category-une","category-resultats","category-route","category-danmark-rundt-tour-of-denmark"],"_links":{"self":[{"href":"https:\/\/cyclingpro.net\/velopro\/wp-json\/wp\/v2\/posts\/41755","targetHints":{"allow":["GET"]}}],"collection":[{"href":"https:\/\/cyclingpro.net\/velopro\/wp-json\/wp\/v2\/posts"}],"about":[{"href":"https:\/\/cyclingpro.net\/velopro\/wp-json\/wp\/v2\/types\/post"}],"author":[{"embeddable":true,"href":"https:\/\/cyclingpro.net\/velopro\/wp-json\/wp\/v2\/users\/5"}],"replies":[{"embeddable":true,"href":"https:\/\/cyclingpro.net\/velopro\/wp-json\/wp\/v2\/comments?post=41755"}],"version-history":[{"count":0,"href":"https:\/\/cyclingpro.net\/velopro\/wp-json\/wp\/v2\/posts\/41755\/revisions"}],"wp:featuredmedia":[{"embeddable":true,"href":"https:\/\/cyclingpro.net\/velopro\/wp-json\/wp\/v2\/media\/41766"}],"wp:attachment":[{"href":"https:\/\/cyclingpro.net\/velopro\/wp-json\/wp\/v2\/media?parent=41755"}],"wp:term":[{"taxonomy":"category","embeddable":true,"href":"https:\/\/cyclingpro.net\/velopro\/wp-json\/wp\/v2\/categories?post=41755"},{"taxonomy":"post_tag","embeddable":true,"href":"https:\/\/cyclingpro.net\/velopro\/wp-json\/wp\/v2\/tags?post=41755"}],"curies":[{"name":"wp","href":"https:\/\/api.w.org\/{rel}","templated":true}]}}