{"id":41715,"date":"2017-09-14T11:38:10","date_gmt":"2017-09-14T09:38:10","guid":{"rendered":"http:\/\/cyclingpro.net\/velopro\/?p=41715"},"modified":"2017-09-14T11:42:38","modified_gmt":"2017-09-14T09:42:38","slug":"marco-canola-voulait-envoyer-signal-a-davide-cassani","status":"publish","type":"post","link":"https:\/\/cyclingpro.net\/velopro\/course\/coppa-agostoni\/marco-canola-voulait-envoyer-signal-a-davide-cassani\/","title":{"rendered":"Marco Canola voulait envoyer un signal \u00e0 Davide Cassani"},"content":{"rendered":"<p style=\"text-align: justify;\">Triple vainqueur d&rsquo;\u00e9tape sur le Tour du Japon cette saison, mais surtout victorieux lors du Tour du Limbourg et du Tour de l&rsquo;Utah, Marco Canola r\u00eavait de lever les bras sur ses terres, mercredi, dans la Coppa Agostoni. Michael Albasini l&rsquo;en a emp\u00each\u00e9. Le coureur de la Nippo-Vini Fantini n&rsquo;a pu faire mieux qu&rsquo;une deuxi\u00e8me place \u00e0 Lissone, battu \u00e0 la r\u00e9guli\u00e8re par le v\u00e9t\u00e9ran suisse.<\/p>\n<p style=\"text-align: justify;\"><em>\u00ab\u00a0Je voulais ma sixi\u00e8me victoire de la saison aujourd&rsquo;hui (hier),<\/em> a-t-il lanc\u00e9,\u00a0<em>mais Albasini a \u00e9t\u00e9 excellent. Il a lanc\u00e9 sur la gauche de la route et il a fait un joli sprint.\u00a0Je suis revenu de l&rsquo;arri\u00e8re\u00a0et j&rsquo;ai d\u00fb ralentir \u00e0 250 m\u00e8tres, et il \u00e9tait alors trop tard pour combler le trou.\u00a0Evidemment que j&rsquo;ai le visage un peu ferm\u00e9, on esp\u00e8re toujours la victoire.\u00a0Mais bravo \u00e0 Albasini, qui a \u00e9t\u00e9 tr\u00e8s fort. Je dois aussi remercier l&rsquo;\u00e9quipe\u00a0car ils m&rsquo;ont tous soutenu, en particulier dans le final, o\u00f9 Bisolti et Santaromita sont all\u00e9s chercher tous les coups.\u00a0\u00bb<\/em><\/p>\n<p style=\"text-align: justify;\">L&rsquo;ancien vainqueur d&rsquo;\u00e9tape sur le Giro (2014) n&rsquo;avait pas que la victoire comme objectif hier.\u00a0<em>\u00ab\u00a0Je suis dans les 15 pr\u00e9s\u00e9lectionn\u00e9s pour le Mondial, et c&rsquo;est un honneur.\u00a0Ce serait l&rsquo;aboutissement d&rsquo;un r\u00eave que d&rsquo;\u00eatre parmi les 11 que Davide Cassani emm\u00e8nera \u00e0 Bergen, et m\u00eame si je ne suis que r\u00e9serviste. Je voulais envoyer un bon signal avec une victoire, et je suis pass\u00e9 tout proche.\u00a0\u00bb\u00a0<\/em>\u00c0 voir si cela suffira pour int\u00e9grer une Squadra Azzurra qui ne manque pas d&rsquo;hommes en forme.<\/p>\n","protected":false},"excerpt":{"rendered":"<p>Triple vainqueur d&rsquo;\u00e9tape sur le Tour du Japon cette saison, mais surtout victorieux lors du Tour du Limbourg et du Tour de l&rsquo;Utah, Marco Canola r\u00eavait de lever les bras sur ses terres, mercredi, dans la Coppa Agostoni. Michael Albasini l&rsquo;en a emp\u00each\u00e9. Le coureur de la Nippo-Vini Fantini n&rsquo;a pu faire mieux qu&rsquo;une deuxi\u00e8me &hellip;<\/p>\n","protected":false},"author":5,"featured_media":41717,"comment_status":"open","ping_status":"open","sticky":false,"template":"","format":"standard","meta":{"footnotes":""},"categories":[11,174,15],"tags":[],"class_list":["post-41715","post","type-post","status-publish","format-standard","has-post-thumbnail","hentry","category-news-niveau-2","category-coppa-agostoni","category-route"],"_links":{"self":[{"href":"https:\/\/cyclingpro.net\/velopro\/wp-json\/wp\/v2\/posts\/41715","targetHints":{"allow":["GET"]}}],"collection":[{"href":"https:\/\/cyclingpro.net\/velopro\/wp-json\/wp\/v2\/posts"}],"about":[{"href":"https:\/\/cyclingpro.net\/velopro\/wp-json\/wp\/v2\/types\/post"}],"author":[{"embeddable":true,"href":"https:\/\/cyclingpro.net\/velopro\/wp-json\/wp\/v2\/users\/5"}],"replies":[{"embeddable":true,"href":"https:\/\/cyclingpro.net\/velopro\/wp-json\/wp\/v2\/comments?post=41715"}],"version-history":[{"count":0,"href":"https:\/\/cyclingpro.net\/velopro\/wp-json\/wp\/v2\/posts\/41715\/revisions"}],"wp:featuredmedia":[{"embeddable":true,"href":"https:\/\/cyclingpro.net\/velopro\/wp-json\/wp\/v2\/media\/41717"}],"wp:attachment":[{"href":"https:\/\/cyclingpro.net\/velopro\/wp-json\/wp\/v2\/media?parent=41715"}],"wp:term":[{"taxonomy":"category","embeddable":true,"href":"https:\/\/cyclingpro.net\/velopro\/wp-json\/wp\/v2\/categories?post=41715"},{"taxonomy":"post_tag","embeddable":true,"href":"https:\/\/cyclingpro.net\/velopro\/wp-json\/wp\/v2\/tags?post=41715"}],"curies":[{"name":"wp","href":"https:\/\/api.w.org\/{rel}","templated":true}]}}