{"id":41698,"date":"2017-09-14T10:23:11","date_gmt":"2017-09-14T08:23:11","guid":{"rendered":"http:\/\/cyclingpro.net\/velopro\/?p=41698"},"modified":"2017-09-14T10:30:13","modified_gmt":"2017-09-14T08:30:13","slug":"michael-albasini-a-force-a-lexperience","status":"publish","type":"post","link":"https:\/\/cyclingpro.net\/velopro\/course\/coppa-agostoni\/michael-albasini-a-force-a-lexperience\/","title":{"rendered":"Michael Albasini \u00ab\u00a0\u00e0 la force et \u00e0 l\u2019exp\u00e9rience\u00a0\u00bb"},"content":{"rendered":"<p style=\"text-align: justify;\">L&rsquo;\u00e2ge ne semble pas encore peser dans les jambes de Michael Albasini. Le Suisse, qui f\u00eatera ses 37 ans en d\u00e9cembre prochain, s&rsquo;est montr\u00e9 particuli\u00e8rement frais dans l&rsquo;arriv\u00e9e de la Coppa Agostoni mercredi. Dans un sprint en peloton r\u00e9duit, comme il les affectionne, le coureur d&rsquo;Orica-Scott, \u00e9voluant pour l&rsquo;occasion sous banni\u00e8re suisse, a dispos\u00e9 assez ais\u00e9ment de Marco Canola (Nippo-Vini Fantini) et de Francesco Gavazzi (Androni-Sidermec). <em>\u00ab\u00a0Aujourd&rsquo;hui, j&rsquo;ai gagn\u00e9 gr\u00e2ce \u00e0 la force et \u00e0 l&rsquo;exp\u00e9rience<\/em>, a-t-il assur\u00e9 en conf\u00e9rence de presse. <em>Les deux aspects ont \u00e9t\u00e9 d\u00e9cisifs, car \u00e7a bloquait sur la droite de la route, beaucoup voulaient sprinter de ce c\u00f4t\u00e9. J&rsquo;ai alors choisi de partir \u00e0 gauche.\u00a0Peut-\u00eatre que j&rsquo;\u00e9tais encore un peu loin, et dans les derniers m\u00e8tres, j&rsquo;ai vraiment d\u00fb mettre toute la force qui me restait.\u00a0\u00bb\u00a0<\/em><\/p>\n<p style=\"text-align: justify;\">Albasini s&rsquo;est adjug\u00e9 sa troisi\u00e8me victoire de la saison, apr\u00e8s des succ\u00e8s au Pays-Bas et chez lui, au Tour de Romandie. Egalement auteur de trois top-10 sur les trois Ardennaises WorldTour au printemps dernier (ndlr : 3e de l&rsquo;Amstel Gold Race), Albasini\u00a0est encore fringuant. Il faudra le surveiller attentivement du c\u00f4t\u00e9 de Bergen.<em> \u00ab\u00a0J&rsquo;ai 37 ans et ma carri\u00e8re touche \u00e0 sa fin, mais je veux encore faire un ou deux ans,<\/em>\u00a0a-t-il indiqu\u00e9.<em>\u00a0J&rsquo;aime toujours ce travail et si je peux obtenir une ou deux victoires, je suis toujours tr\u00e8s heureux. J&rsquo;aime aussi travailler avec de jeunes coureurs et leur transmettre mon exp\u00e9rience.\u00a0\u00bb<\/em><\/p>\n","protected":false},"excerpt":{"rendered":"<p>L&rsquo;\u00e2ge ne semble pas encore peser dans les jambes de Michael Albasini. Le Suisse, qui f\u00eatera ses 37 ans en d\u00e9cembre prochain, s&rsquo;est montr\u00e9 particuli\u00e8rement frais dans l&rsquo;arriv\u00e9e de la Coppa Agostoni mercredi. Dans un sprint en peloton r\u00e9duit, comme il les affectionne, le coureur d&rsquo;Orica-Scott, \u00e9voluant pour l&rsquo;occasion sous banni\u00e8re suisse, a dispos\u00e9 assez &hellip;<\/p>\n","protected":false},"author":5,"featured_media":41702,"comment_status":"open","ping_status":"open","sticky":false,"template":"","format":"standard","meta":{"footnotes":""},"categories":[11,174,15],"tags":[],"class_list":["post-41698","post","type-post","status-publish","format-standard","has-post-thumbnail","hentry","category-news-niveau-2","category-coppa-agostoni","category-route"],"_links":{"self":[{"href":"https:\/\/cyclingpro.net\/velopro\/wp-json\/wp\/v2\/posts\/41698","targetHints":{"allow":["GET"]}}],"collection":[{"href":"https:\/\/cyclingpro.net\/velopro\/wp-json\/wp\/v2\/posts"}],"about":[{"href":"https:\/\/cyclingpro.net\/velopro\/wp-json\/wp\/v2\/types\/post"}],"author":[{"embeddable":true,"href":"https:\/\/cyclingpro.net\/velopro\/wp-json\/wp\/v2\/users\/5"}],"replies":[{"embeddable":true,"href":"https:\/\/cyclingpro.net\/velopro\/wp-json\/wp\/v2\/comments?post=41698"}],"version-history":[{"count":0,"href":"https:\/\/cyclingpro.net\/velopro\/wp-json\/wp\/v2\/posts\/41698\/revisions"}],"wp:featuredmedia":[{"embeddable":true,"href":"https:\/\/cyclingpro.net\/velopro\/wp-json\/wp\/v2\/media\/41702"}],"wp:attachment":[{"href":"https:\/\/cyclingpro.net\/velopro\/wp-json\/wp\/v2\/media?parent=41698"}],"wp:term":[{"taxonomy":"category","embeddable":true,"href":"https:\/\/cyclingpro.net\/velopro\/wp-json\/wp\/v2\/categories?post=41698"},{"taxonomy":"post_tag","embeddable":true,"href":"https:\/\/cyclingpro.net\/velopro\/wp-json\/wp\/v2\/tags?post=41698"}],"curies":[{"name":"wp","href":"https:\/\/api.w.org\/{rel}","templated":true}]}}