{"id":41644,"date":"2017-09-13T15:36:49","date_gmt":"2017-09-13T13:36:49","guid":{"rendered":"http:\/\/cyclingpro.net\/velopro\/?p=41644"},"modified":"2017-09-13T16:27:22","modified_gmt":"2017-09-13T14:27:22","slug":"tour-danemark-2e-etape-annulee","status":"publish","type":"post","link":"https:\/\/cyclingpro.net\/velopro\/course\/danmark-rundt-tour-of-denmark\/tour-danemark-2e-etape-annulee\/","title":{"rendered":"Tour du Danemark : La 2e \u00e9tape annul\u00e9e"},"content":{"rendered":"<p>Partie sous une forte de pluie, sous le vent et dans l&rsquo;incertitude, la deuxi\u00e8me \u00e9tape du Tour du Danemark a finalement \u00e9t\u00e9 annul\u00e9e. Le parcours avait d\u00e9j\u00e0 \u00e9t\u00e9 raccourcie puis une partie a \u00e9t\u00e9 neutralis\u00e9e mais finalement il semblerait que ce soit les coureurs qui aient d\u00e9cid\u00e9 d&rsquo;arr\u00eater l\u00e0 les frais en raison d&rsquo;un vent trop fort.<\/p>\n<p>Quatre coureurs avaient pourtant pris les devants : Rasmus\u00a0B\u00f8gh Wallin (Coloquick &#8211; Cult), Sjoerd Van Ginneken (Roompot &#8211; Nerderlandse Loterij), Mirco Maestri (Bardiani &#8211; CSF) et Frederik Muff (Equipe Nationale de Danemark). Ils auront compter jusqu&rsquo;\u00e0 5&prime; d&rsquo;avance alors qu&rsquo;en m\u00eame temps, Nacer Bouhanni (Cofidis), qui avait remport\u00e9 le sprint du peloton (pour la deuxi\u00e8me place) la veille, a abandonn\u00e9, malade.<\/p>\n","protected":false},"excerpt":{"rendered":"<p>Partie sous une forte de pluie, sous le vent et dans l&rsquo;incertitude, la deuxi\u00e8me \u00e9tape du Tour du Danemark a finalement \u00e9t\u00e9 annul\u00e9e. Le parcours avait d\u00e9j\u00e0 \u00e9t\u00e9 raccourcie puis une partie a \u00e9t\u00e9 neutralis\u00e9e mais finalement il semblerait que ce soit les coureurs qui aient d\u00e9cid\u00e9 d&rsquo;arr\u00eater l\u00e0 les frais en raison d&rsquo;un vent &hellip;<\/p>\n","protected":false},"author":4,"featured_media":0,"comment_status":"open","ping_status":"open","sticky":false,"template":"","format":"standard","meta":{"footnotes":""},"categories":[11,14,15,171],"tags":[],"class_list":["post-41644","post","type-post","status-publish","format-standard","hentry","category-news-niveau-2","category-resultats","category-route","category-danmark-rundt-tour-of-denmark"],"_links":{"self":[{"href":"https:\/\/cyclingpro.net\/velopro\/wp-json\/wp\/v2\/posts\/41644","targetHints":{"allow":["GET"]}}],"collection":[{"href":"https:\/\/cyclingpro.net\/velopro\/wp-json\/wp\/v2\/posts"}],"about":[{"href":"https:\/\/cyclingpro.net\/velopro\/wp-json\/wp\/v2\/types\/post"}],"author":[{"embeddable":true,"href":"https:\/\/cyclingpro.net\/velopro\/wp-json\/wp\/v2\/users\/4"}],"replies":[{"embeddable":true,"href":"https:\/\/cyclingpro.net\/velopro\/wp-json\/wp\/v2\/comments?post=41644"}],"version-history":[{"count":0,"href":"https:\/\/cyclingpro.net\/velopro\/wp-json\/wp\/v2\/posts\/41644\/revisions"}],"wp:attachment":[{"href":"https:\/\/cyclingpro.net\/velopro\/wp-json\/wp\/v2\/media?parent=41644"}],"wp:term":[{"taxonomy":"category","embeddable":true,"href":"https:\/\/cyclingpro.net\/velopro\/wp-json\/wp\/v2\/categories?post=41644"},{"taxonomy":"post_tag","embeddable":true,"href":"https:\/\/cyclingpro.net\/velopro\/wp-json\/wp\/v2\/tags?post=41644"}],"curies":[{"name":"wp","href":"https:\/\/api.w.org\/{rel}","templated":true}]}}