{"id":34986,"date":"2017-08-09T11:18:08","date_gmt":"2017-08-09T09:18:08","guid":{"rendered":"http:\/\/cyclingpro.net\/velopro\/?p=34986"},"modified":"2017-08-09T11:29:50","modified_gmt":"2017-08-09T09:29:50","slug":"bora-hansgrohe-devoile-selection-definitive-vuelta","status":"publish","type":"post","link":"https:\/\/cyclingpro.net\/velopro\/course\/vuelta-a-espana-tour-espagne\/bora-hansgrohe-devoile-selection-definitive-vuelta\/","title":{"rendered":"Bora-Hansgrohe d\u00e9voile sa s\u00e9lection d\u00e9finitive pour La Vuelta"},"content":{"rendered":"<p>La Vuelta arrive \u00e0 grands pas. Elle s&rsquo;\u00e9lancera le 19 ao\u00fbt prochain de N\u00eemes. L&rsquo;\u00e9quipe Bora &#8211; Hansgrohe vient d&rsquo;annoncer sa s\u00e9lection d\u00e9finitive \u00e0 la t\u00eate de laquelle on retrouvera bien \u00e9videmment Rafal Majka. Le Polonais avait termin\u00e9 sur le podium final de l&rsquo;\u00e9dition 2015. A noter et on pouvait s&rsquo;en douter, l&rsquo;absence de Leopold K\u00f6nig (<a href=\"http:\/\/cyclingpro.net\/velopro\/infirmerie\/czech-cycling-tour-toujours-de-leopold-konig\/\">lire ici<\/a>). L&rsquo;absence de Peter Sagan \u00e9tait quant \u00e0 elle annonc\u00e9e de longue date.<\/p>\n<p><span style=\"text-decoration: underline;\">Composition de l&rsquo;\u00e9quipe Bora &#8211; Hansgrohe pour le Tour d&rsquo;Espagne :<\/span> Rafal Majka, Cesare Benedetti, Emmanuel Buchmann, Michael Kolar, Patrick Konrad,\u00a0Christoph Pfingsten, Pawel Poljanski, Andreas Schillinger, Michael Schwarzmann.<\/p>\n","protected":false},"excerpt":{"rendered":"<p>La Vuelta arrive \u00e0 grands pas. Elle s&rsquo;\u00e9lancera le 19 ao\u00fbt prochain de N\u00eemes. L&rsquo;\u00e9quipe Bora &#8211; Hansgrohe vient d&rsquo;annoncer sa s\u00e9lection d\u00e9finitive \u00e0 la t\u00eate de laquelle on retrouvera bien \u00e9videmment Rafal Majka. Le Polonais avait termin\u00e9 sur le podium final de l&rsquo;\u00e9dition 2015. A noter et on pouvait s&rsquo;en douter, l&rsquo;absence de Leopold &hellip;<\/p>\n","protected":false},"author":4,"featured_media":34519,"comment_status":"open","ping_status":"open","sticky":false,"template":"","format":"standard","meta":{"footnotes":""},"categories":[11,26,15,59],"tags":[],"class_list":["post-34986","post","type-post","status-publish","format-standard","has-post-thumbnail","hentry","category-news-niveau-2","category-compositions","category-route","category-vuelta-a-espana-tour-espagne"],"_links":{"self":[{"href":"https:\/\/cyclingpro.net\/velopro\/wp-json\/wp\/v2\/posts\/34986","targetHints":{"allow":["GET"]}}],"collection":[{"href":"https:\/\/cyclingpro.net\/velopro\/wp-json\/wp\/v2\/posts"}],"about":[{"href":"https:\/\/cyclingpro.net\/velopro\/wp-json\/wp\/v2\/types\/post"}],"author":[{"embeddable":true,"href":"https:\/\/cyclingpro.net\/velopro\/wp-json\/wp\/v2\/users\/4"}],"replies":[{"embeddable":true,"href":"https:\/\/cyclingpro.net\/velopro\/wp-json\/wp\/v2\/comments?post=34986"}],"version-history":[{"count":0,"href":"https:\/\/cyclingpro.net\/velopro\/wp-json\/wp\/v2\/posts\/34986\/revisions"}],"wp:featuredmedia":[{"embeddable":true,"href":"https:\/\/cyclingpro.net\/velopro\/wp-json\/wp\/v2\/media\/34519"}],"wp:attachment":[{"href":"https:\/\/cyclingpro.net\/velopro\/wp-json\/wp\/v2\/media?parent=34986"}],"wp:term":[{"taxonomy":"category","embeddable":true,"href":"https:\/\/cyclingpro.net\/velopro\/wp-json\/wp\/v2\/categories?post=34986"},{"taxonomy":"post_tag","embeddable":true,"href":"https:\/\/cyclingpro.net\/velopro\/wp-json\/wp\/v2\/tags?post=34986"}],"curies":[{"name":"wp","href":"https:\/\/api.w.org\/{rel}","templated":true}]}}