{"id":34974,"date":"2017-08-09T10:35:36","date_gmt":"2017-08-09T08:35:36","guid":{"rendered":"http:\/\/cyclingpro.net\/velopro\/?p=34974"},"modified":"2017-08-09T11:49:04","modified_gmt":"2017-08-09T09:49:04","slug":"czech-cycling-tour-toujours-de-leopold-konig","status":"publish","type":"post","link":"https:\/\/cyclingpro.net\/velopro\/infirmerie\/czech-cycling-tour-toujours-de-leopold-konig\/","title":{"rendered":"Czech Cycling Tour : Toujours pas de Leopold K\u00f6nig&#8230;"},"content":{"rendered":"<p>Sale saison pour le Tch\u00e8que Leopold K\u00f6nig. Handicap\u00e9 depuis le d\u00e9but d&rsquo;ann\u00e9e par une importante douleur \u00e0 un genou, le coureur de Bora &#8211; Hansgrohe avait d\u00e9j\u00e0 d\u00fb renoncer \u00e0 son\u00a0premier grand objectif de l&rsquo;ann\u00e9e\u00a0: Le Tour d&rsquo;Italie. Et pour cause ! Il n&rsquo;avait jusque l\u00e0 pris part qu&rsquo;\u00e0 un seul jour de course : une \u00e9tape du&#8230; Challenge de Majorque, en f\u00e9vrier. Il n&rsquo;avait m\u00eame pas termin\u00e9. Apr\u00e8s cette d\u00e9sillusion, la gal\u00e8re continue pour l&rsquo;ancien Sky qui ne reprend qu&rsquo;en juin, sur le Crit\u00e9rium du Dauphin\u00e9. Il r\u00e9ussit au moins \u00e0 terminer deux \u00e9tapes puis abandonne \u00e0 la troisi\u00e8me. Plus r\u00e9cemment il a pris le d\u00e9part de Clasica San Sebastian&#8230; qu&rsquo;il a aussi abandonn\u00e9e. Le Czech Cycling Tour, chez lui en R\u00e9publique Tch\u00e8que, devait donc \u00eatre sa reprise et son unique course avant La Vuelta, o\u00f9 il est cens\u00e9 \u00eatre co-leader avec Rafal Majka. Mais l&rsquo;\u00e9quipe Bora &#8211; Hansgrohe vient de publier les huit noms qui s&rsquo;aligneront au Czech Cycling Tour et K\u00f6nig n&rsquo;y est pas&#8230; Difficile donc de l&rsquo;imaginer faire quoique ce soit sur le Tour d&rsquo;Espagne voire m\u00eame \u00eatre align\u00e9 par son \u00e9quipe (bien qu&rsquo;il figure comme titulaire sur la liste des engag\u00e9s). [MISE A JOUR 09\/08\/2017, \u00e0 11h18 : Leopold K\u00f6nig n&rsquo;apparait pas dans la liste d\u00e9finitive pour La Vuelta, <a href=\"http:\/\/cyclingpro.net\/velopro\/course\/vuelta-a-espana\/bora-hansgrohe-devoile-selection-definitive-vuelta\/\">lire ici<\/a>]\n<p>K\u00f6nig s&rsquo;\u00e9tait r\u00e9v\u00e9l\u00e9 en 2013 en remportant une \u00e9tape de La Vuelta au sommet d&rsquo;Estepona. Il courrait alors pour l&rsquo;\u00e9quipe NetApp &#8211; Endura, anc\u00eatre de Bora, dont la s\u00e9lection \u00e9tait un peu critiqu\u00e9e. Avec cette victoire et une neuvi\u00e8me place au g\u00e9n\u00e9ral final, il justifiait amplement la wild card de sa formation. L&rsquo;ann\u00e9e suivante, toujours avec la m\u00eame \u00e9quipe, il prend la septi\u00e8me place du Tour de France. La machine s&rsquo;enclenche et il est recrut\u00e9 par Sky l&rsquo;ann\u00e9e suivante. Sa premi\u00e8re t\u00e2che \u00e9tait d&rsquo;\u00e9pauler Richie Porte dans son objectif de remporter le Giro mais celui-ci abandonne et K\u00f6nig se retrouve leader de substitution. Il fait mieux que sauver les meubles en prenant la sixi\u00e8me place finale. Il fera ensuite partie de l&rsquo;armada Sky autour de Chris Froome sur le Tour de France. En 2016, il conna\u00eet une ann\u00e9e plus compliqu\u00e9e m\u00eame s&rsquo;il manque de peu la victoire d&rsquo;\u00e9tape sur la tr\u00e8s difficile arriv\u00e9e de Llucena (Camins del Penygolosa). Il s&rsquo;engage ensuite chez Bora &#8211; Hansgrohe pour une dur\u00e9e de trois ans.\u00a0Retour aux sources donc. S&rsquo;il \u00e9tait cens\u00e9 \u00eatre leader sur le Tour, o\u00f9 il r\u00eave de jouer sa carte personnelle depuis sa septi\u00e8me place en 2014, l&rsquo;\u00e9quipe change de plan et pr\u00e9f\u00e8re que K\u00f6nig vise\u00a0le Giro et Majka le Tour. Au rythme actuel, \u00e7a pourrait bien \u00eatre une saison blanche pour le Tch\u00e8que. C&rsquo;est d&rsquo;autant plus inqui\u00e9tant que pour l&rsquo;instant aucune solution ne semble \u00eatre trouv\u00e9e pour ce probl\u00e8me de genou. K\u00f6nig s&rsquo;est aussi fait remarquer en s&rsquo;engageant en politique cette ann\u00e9e, en faisant partie des 12 conseillers de\u00a0Michal Hor\u00e1\u010dek, un entrepreneur candidat \u00e0 l&rsquo;\u00e9lection pr\u00e9sidentielle tch\u00e8que de 2018.<\/p>\n<p>Composition de l&rsquo;\u00e9quipe Bora &#8211; Hansgrohe pour le Czech Cycling Tour : Pascal Ackermann, Jan Barta, Erik Baska, Sam Bennett, Silvio Herklotz, Jos\u00e9 Mendes, Juraj Sagan, Michael Shwarzmann<\/p>\n","protected":false},"excerpt":{"rendered":"<p>Sale saison pour le Tch\u00e8que Leopold K\u00f6nig. Handicap\u00e9 depuis le d\u00e9but d&rsquo;ann\u00e9e par une importante douleur \u00e0 un genou, le coureur de Bora &#8211; Hansgrohe avait d\u00e9j\u00e0 d\u00fb renoncer \u00e0 son\u00a0premier grand objectif de l&rsquo;ann\u00e9e\u00a0: Le Tour d&rsquo;Italie. Et pour cause ! Il n&rsquo;avait jusque l\u00e0 pris part qu&rsquo;\u00e0 un seul jour de course : &hellip;<\/p>\n","protected":false},"author":4,"featured_media":34982,"comment_status":"open","ping_status":"open","sticky":false,"template":"","format":"standard","meta":{"footnotes":""},"categories":[11,41,15,59],"tags":[],"class_list":["post-34974","post","type-post","status-publish","format-standard","has-post-thumbnail","hentry","category-news-niveau-2","category-infirmerie","category-route","category-vuelta-a-espana-tour-espagne"],"_links":{"self":[{"href":"https:\/\/cyclingpro.net\/velopro\/wp-json\/wp\/v2\/posts\/34974","targetHints":{"allow":["GET"]}}],"collection":[{"href":"https:\/\/cyclingpro.net\/velopro\/wp-json\/wp\/v2\/posts"}],"about":[{"href":"https:\/\/cyclingpro.net\/velopro\/wp-json\/wp\/v2\/types\/post"}],"author":[{"embeddable":true,"href":"https:\/\/cyclingpro.net\/velopro\/wp-json\/wp\/v2\/users\/4"}],"replies":[{"embeddable":true,"href":"https:\/\/cyclingpro.net\/velopro\/wp-json\/wp\/v2\/comments?post=34974"}],"version-history":[{"count":0,"href":"https:\/\/cyclingpro.net\/velopro\/wp-json\/wp\/v2\/posts\/34974\/revisions"}],"wp:featuredmedia":[{"embeddable":true,"href":"https:\/\/cyclingpro.net\/velopro\/wp-json\/wp\/v2\/media\/34982"}],"wp:attachment":[{"href":"https:\/\/cyclingpro.net\/velopro\/wp-json\/wp\/v2\/media?parent=34974"}],"wp:term":[{"taxonomy":"category","embeddable":true,"href":"https:\/\/cyclingpro.net\/velopro\/wp-json\/wp\/v2\/categories?post=34974"},{"taxonomy":"post_tag","embeddable":true,"href":"https:\/\/cyclingpro.net\/velopro\/wp-json\/wp\/v2\/tags?post=34974"}],"curies":[{"name":"wp","href":"https:\/\/api.w.org\/{rel}","templated":true}]}}