{"id":32423,"date":"2017-07-19T17:24:05","date_gmt":"2017-07-19T15:24:05","guid":{"rendered":"http:\/\/cyclingpro.net\/velopro\/?p=32423"},"modified":"2017-07-19T18:29:59","modified_gmt":"2017-07-19T16:29:59","slug":"tour-de-france-primoz-roglic-sauve-tour-de-lottonl-jumbo","status":"publish","type":"post","link":"https:\/\/cyclingpro.net\/velopro\/course\/tour-de-france\/tour-de-france-primoz-roglic-sauve-tour-de-lottonl-jumbo\/","title":{"rendered":"Tour de France\u00a0: Primoz Roglic sauve le Tour de LottoNL-Jumbo"},"content":{"rendered":"<p>La lutte entre les favoris pour la gagne du Tour de France n&rsquo;aura pas \u00e9t\u00e9 la plus belle de ce Tour de France et sur les pentes du Galibier, l\u00e0 o\u00f9 tout s&rsquo;est jou\u00e9, c&rsquo;est finalement Fabio Aru (Astana) qui a \u00e9t\u00e9 le grand battu du jour et qui a conc\u00e9d\u00e9 de pr\u00e9cieuses secondes dans cette dix-septi\u00e8me \u00e9tape du Tour de France. Mais l&rsquo;\u00e9tape a \u00e9t\u00e9 glan\u00e9e par un \u00e9chapp\u00e9 parti tr\u00e8s t\u00f4t ce matin dans un groupe important. Primoz Roglic est venu redonner le sourire \u00e0 sa formation LottoNL-Jumbo, qui a perdu Robert Gesink et George Bennett sur cette \u00e9dition 2017, en remportant en solitaire le plus beau succ\u00e8s de sa carri\u00e8re \u00e0 Serre Chevalier. Il a r\u00e9sist\u00e9 au retour des favoris et notamment Rigoberto Uran (Cannondale-Drapac) et Chris Froome (Team Sky) qui ont pris respectivement la deuxi\u00e8me et la troisi\u00e8me place. Le Britannique reste en jaune.<\/p>\n<p>Comment souvent sur les trac\u00e9s accident\u00e9s, l&rsquo;\u00e9tape part sur un rythme \u00e9lev\u00e9 avec plusieurs offensives. Quelques coureurs ont pris quelques secondes quand une chute importante a lieu, impliquant notamment le maillot vert Marcel Kittel (Quick-Step Floors) et le maillot \u00e0 pois Warren Barguil (Team Sunweb). Le peloton se rel\u00e8ve alors, laissant filer un groupe de 33 coureurs\u00a0: Serge Pauwels (Dimension Data), Bauke Mollema, Jarlinson Pantano et Michael Gogl (Trek-Segafredo), Tony Gallopin et Thomas De Gendt (Lotto Soudal), Thomas Voeckler et Sylvain Chavanel (Direct Energie), Nicolas Roche, Danilo Wyss et Ama\u00ebl Moinard (BMC Racing), Daniel Navarro et Nicolas Edet (Cofidis), Robert Kiserlovski (Katusha-Alpecin), Mathias Frank et Cyril Gautier (AG2R La Mondiale), Primoz Roglic (LottoNL-Jumbo), Jonathan Castroviejo, Jesus Herrada (Movistar), Michael Matthews, Simon Geschke et Albert Timmer (Team Sunweb), Rudy Molard (FDJ), Esteban Chaves (ORICA \u2013 Scott), Darwin Atapuma et Ben Swift (UAE Team Emirates), Dylan van Baarle et Alberto Bettiol (Cannondale-Drapac), Pawel Poljanski (Bora-Hansgrohe), Ondrej Cink (Bahrain-Merida), Marco Minnaard (Wanty-Groupe Gobert), Pierre-Luc P\u00e9richon et Brice Feillu (Fortuneo-Oscaro). Sky se place en t\u00eate de peloton et laisse ce groupe prendre jusqu&rsquo;\u00e0 5&prime; de marge.<\/p>\n<p>Au sommet du Col d&rsquo;Ornon (2e cat\u00e9gorie), Thomas De Gendt tente de prendre les points qui lui sont disput\u00e9s par Michael Matthews qui d\u00e9fend le maillot de Warren Barguil. Matthews passe en t\u00eate et file dans la descente accompagn\u00e9 du Belge. Le duo creuse un avantage de 2&prime; au moment d&rsquo;arriver au sprint interm\u00e9diaire remport\u00e9 par l&rsquo;Australien qui revient \u00e0 9 points du maillot vert de Marcel Kittel.<\/p>\n<p>Les coureurs arrivent ensuite dans le Col de la Croix de Fer (Hors Cat\u00e9gorie). Apr\u00e8s deux kilom\u00e8tres d&rsquo;ascension, Nairo Quintana (Movistar) attaque. Le Colombien est repris car le Team Sky augmente son allure. C&rsquo;est ensuite Alberto Contador (Trek-Segafredo) qui tente \u00e0 son tour, suivi par Quintana. Le Colombien ne relaye pas et se retrouve distanc\u00e9 par l&rsquo;Espagnol deux kilom\u00e8tres plus loin. Contador continue seul et reprend un \u00e0 un les coureurs distanc\u00e9s du contre. En t\u00eate de course, Dani Navarro fait son retour sur le duo alors que Michael Matthews l\u00e2che prise. Au sommet, De Gendt passe devant Navarro alors qu&rsquo;un groupe de contre de 23 coureurs, dans lequel Alberto Contador a fait la jonction, pointe \u00e0 30 secondes alors que le peloton est \u00e0 3&rsquo;35.<\/p>\n<p>Dans la descente, la jonction s&rsquo;op\u00e8re \u00e0 l&rsquo;avant tandis que le peloton perd coup sur coup Thibaut Pinot (FDJ) et surtout le maillot vert Marcel Kittel (Quick-Step Floors) qui abandonnent. Jarlinson Pantano et Bauke Mollema roulent pour emp\u00eacher le retour du peloton et l&rsquo;\u00e9chapp\u00e9e entame le Col du T\u00e9l\u00e9graphe (1e cat\u00e9gorie) avec un avantage sup\u00e9rieur \u00e0 3&prime; sur un peloton \u00e0 peine plus fourni. Pantano donne tout et s&rsquo;\u00e9carte et alors que Mollema prend le relais, Contador est victime d&rsquo;un probl\u00e8me m\u00e9canique qui le retarde. Contador revient rapidement dans le groupe apr\u00e8s avoir perdu 30 secondes. Mollema se remet \u00e0 la planche et le groupe s&rsquo;\u00e9cr\u00e8me jusqu&rsquo;au sommet o\u00f9 Primoz Roglic passe en t\u00eate. Le peloton est point\u00e9 \u00e0 3&rsquo;45.<\/p>\n<p>Apr\u00e8s la courte descente, les coureurs entament le Galibier (Hors Cat\u00e9gorie) et c&rsquo;est Primoz Roglic qui attaque d\u00e8s les premiers hectom\u00e8tres emmenant avec lui Alberto Contador et Serge Pauwels. Dans le peloton, Michal Kwiatkowski augmente l&rsquo;allure et fait exploser le peloton dans lequel on ne retrouve plus que les principaux leaders, except\u00e9 Nairo Quintana, ainsi que trois \u00e9quipiers de Chris Froome, mais aussi Alexis Vuillermoz et Warren Barguil.<\/p>\n<p>A 7 kilom\u00e8tres du sommet, Primoz Roglic contre apr\u00e8s une attaque de Serge Pauwels et part seul. Dans le m\u00eame temps, Dan Martin sort du peloton et \u00e9limine Mikel Nieve, Michal Kwiatkowski et Alexis Vuillermoz. Mikel Landa prend le relais et reprend Martin. Puis Warren Barguil et Romain Bardet multiplient les offensives. Si le maillot \u00e0 pois obtient son bon de sortie, Bardet est suivi comme son ombre par Froome et Uran. Fabio Aru montre lui de gros signes de fatigue mais recolle \u00e0 chaque accalmie.<\/p>\n<p>Roglic tient bien devant et bascule seul en t\u00eate avec 1&rsquo;30 de marge sur Darwin Atapuma qui voit le groupe de favoris revenir sur lui. Car dans le dernier kilom\u00e8tre, Bardet est de nouveau pass\u00e9 \u00e0 l&rsquo;attaque, distan\u00e7ant Fabio Aru. Le champion d&rsquo;Italie bascule avec 13 secondes de retard sur le groupe maillot jaune au sommet mais ne peut compter sur l&rsquo;aide de personne dans la premi\u00e8re partie de la descente. Devant, ses rivaux se relayent et l&rsquo;\u00e9cart augmente \u00e0 50 secondes bien que le leader d&rsquo;Astana ait retrouv\u00e9 de l&rsquo;aide dans un petit groupe.<\/p>\n<p>A Serre Chevalier, Primoz Roglic a course gagn\u00e9 et il s&rsquo;impose en solitaire. Derri\u00e8re, on se regarde un peu pour les bonifications et c&rsquo;est finalement Rigoberto Uran qui prend la deuxi\u00e8me place devant Chris Froome. Romain Bardet, quatri\u00e8me, est donc d\u00e9pass\u00e9 au g\u00e9n\u00e9ral par Uran mais devance d\u00e9sormais Fabio Aru qui conc\u00e8de 30 secondes \u00e0 ses rivaux.<\/p>\n<p><strong>Classement de la 17e \u00e9tape :\u00a0<\/strong><br \/>\n1. Primoz Roglic (LottoNL-Jumbo) les 183km en 5h07&rsquo;41<br \/>\n2. Rigoberto Uran (Cannondale-Drapac) \u00e0 1&rsquo;13<br \/>\n3. Chris Froome (Team Sky) m.t.<br \/>\n4.\u00a0Romain Bardet (Ag2r La Mondiale)\u00a0m.t.<br \/>\n5. Warren Barguil (Team Sunweb)\u00a0m.t.<br \/>\n6. Mikel Landa (Team Sky) \u00e0 1&rsquo;16<br \/>\n7. Dan Martin (Quick-Step Floors) \u00e0 1&rsquo;43<br \/>\n8. Alberto Contador (Trek-Segafredo) \u00e0 1&rsquo;44<br \/>\n9. Louis Meintjes (UAE Team Emirates)\u00a0m.t.<br \/>\n10. Fabio Aru (Astana)\u00a0m.t.<\/p>\n<p><strong>Classement g\u00e9n\u00e9ral :<\/strong><br \/>\n1. Chris Froome (Team Sky)<br \/>\n2. Rigoberto Uran (Cannondale-Drapac)\u00a0\u00e0 27&Prime;<br \/>\n3.\u00a0Romain Bardet (Ag2r La Mondiale)\u00a0m.t.<br \/>\n4. Fabio Aru (Astana) \u00e0 53&Prime;<br \/>\n5. Mikel Landa (Team Sky) \u00e0 1&rsquo;24<br \/>\n6. Dan Martin (Quick-Step Floors) \u00e0 2&rsquo;37<br \/>\n7. Simon Yates (Orica-Scott) \u00e0 4&rsquo;07<br \/>\n8. Louis Meintjes (UAE Team Emirates)\u00a0\u00e0 6&rsquo;35<br \/>\n9. Alberto Contador (Trek-Segafredo) \u00e0 7&rsquo;45<br \/>\n10. Warren Barguil (Team Sunweb) \u00e0 8&rsquo;52<\/p>\n","protected":false},"excerpt":{"rendered":"<p>La lutte entre les favoris pour la gagne du Tour de France n&rsquo;aura pas \u00e9t\u00e9 la plus belle de ce Tour de France et sur les pentes du Galibier, l\u00e0 o\u00f9 tout s&rsquo;est jou\u00e9, c&rsquo;est finalement Fabio Aru (Astana) qui a \u00e9t\u00e9 le grand battu du jour et qui a conc\u00e9d\u00e9 de pr\u00e9cieuses secondes dans &hellip;<\/p>\n","protected":false},"author":3,"featured_media":32443,"comment_status":"open","ping_status":"open","sticky":false,"template":"","format":"standard","meta":{"footnotes":""},"categories":[27,17,14,15,39],"tags":[],"class_list":["post-32423","post","type-post","status-publish","format-standard","has-post-thumbnail","hentry","category-gros-bloc","category-une","category-resultats","category-route","category-tour-de-france"],"_links":{"self":[{"href":"https:\/\/cyclingpro.net\/velopro\/wp-json\/wp\/v2\/posts\/32423","targetHints":{"allow":["GET"]}}],"collection":[{"href":"https:\/\/cyclingpro.net\/velopro\/wp-json\/wp\/v2\/posts"}],"about":[{"href":"https:\/\/cyclingpro.net\/velopro\/wp-json\/wp\/v2\/types\/post"}],"author":[{"embeddable":true,"href":"https:\/\/cyclingpro.net\/velopro\/wp-json\/wp\/v2\/users\/3"}],"replies":[{"embeddable":true,"href":"https:\/\/cyclingpro.net\/velopro\/wp-json\/wp\/v2\/comments?post=32423"}],"version-history":[{"count":0,"href":"https:\/\/cyclingpro.net\/velopro\/wp-json\/wp\/v2\/posts\/32423\/revisions"}],"wp:featuredmedia":[{"embeddable":true,"href":"https:\/\/cyclingpro.net\/velopro\/wp-json\/wp\/v2\/media\/32443"}],"wp:attachment":[{"href":"https:\/\/cyclingpro.net\/velopro\/wp-json\/wp\/v2\/media?parent=32423"}],"wp:term":[{"taxonomy":"category","embeddable":true,"href":"https:\/\/cyclingpro.net\/velopro\/wp-json\/wp\/v2\/categories?post=32423"},{"taxonomy":"post_tag","embeddable":true,"href":"https:\/\/cyclingpro.net\/velopro\/wp-json\/wp\/v2\/tags?post=32423"}],"curies":[{"name":"wp","href":"https:\/\/api.w.org\/{rel}","templated":true}]}}