{"id":29050,"date":"2017-07-05T12:44:22","date_gmt":"2017-07-05T10:44:22","guid":{"rendered":"http:\/\/cyclingpro.net\/velopro\/?p=29050"},"modified":"2017-07-05T12:29:23","modified_gmt":"2017-07-05T10:29:23","slug":"chute-inevitable-dylan-groenewegen-ben-swift","status":"publish","type":"post","link":"https:\/\/cyclingpro.net\/velopro\/course\/tour-de-france\/chute-inevitable-dylan-groenewegen-ben-swift\/","title":{"rendered":"\u00ab\u00a0Une chute in\u00e9vitable\u00a0\u00bb pour Dylan Groenewegen et Ben Swift"},"content":{"rendered":"<p>Outre Mark Cavendish, John Degenkolb ou encore Marcel Kittel, d&rsquo;autres sprinteurs ont \u00e9t\u00e9 g\u00ean\u00e9s par les deux chutes qui ont eu lieu dans le final de la quatri\u00e8me \u00e9tape. Dylan Groenewegen \u00e9tait absent du sprint car pi\u00e9g\u00e9 par le chute qui a eu lieu au kilom\u00e8tre. Ben Swift \u00e9tait pass\u00e9 au travers mais il a ensuite pris la roue de Mark Cavendish et n&rsquo;a pas pu \u00e9viter ce dernier lorsqu&rsquo;il est tomb\u00e9 \u00e0 200 m\u00e8tres de la ligne. Les deux hommes sont revenus sur les chutes. <i>\u00ab\u00a0Nous \u00e9tions \u00e0 droite de Quick-Step quand quelqu&rsquo;un est tomb\u00e9, <\/i>raconte Groenewegen. <i>Vous pouvez essayer de freiner aussi fort que vous le pouvez mais la chute \u00e9tait in\u00e9vitable. Je m&rsquo;en suis bien sorti, sans blessures. J&rsquo;ai saut\u00e9 de mon v\u00e9lo au lieu de tomber. Gr\u00e2ce \u00e0 cela, j&rsquo;ai atterri sur mes pieds et je ne suis pas tomb\u00e9 sur le sol. Heureusement, mes autres co\u00e9quipiers qui ont chut\u00e9 vont tr\u00e8s bien.\u00a0\u00bb<\/i><\/p>\n<p>Ben Swift \u00e9tait lui un peu plus amoch\u00e9 puisqu&rsquo;il est all\u00e9 au sol apr\u00e8s avoir percut\u00e9 Mark Cavendish. Le Britannique s&rsquo;en sort avec quelques \u00e9gratignures et fait le m\u00eame constat. <i>\u00ab\u00a0Vous \u00eatre en train de sprinter et vous suivez les roues et d&rsquo;un coup, vous volez,<\/i> dit-il, lui qui \u00e9tait avec John Degenkolb. <i>Nous \u00e9tions en train de sprinter et il y a tout d&rsquo;un coup eu un corps sur la chauss\u00e9e. Alors nous avons essay\u00e9 de tourner mais c&rsquo;\u00e9tait impossible. Nous avions d\u00fb faire l&rsquo;effort pour revenir de l&rsquo;arri\u00e8re apr\u00e8s la premi\u00e8re chute et nous \u00e9tions d\u00e9j\u00e0 \u00e0 la limite.\u00a0\u00bb<\/i><\/p>\n","protected":false},"excerpt":{"rendered":"<p>Outre Mark Cavendish, John Degenkolb ou encore Marcel Kittel, d&rsquo;autres sprinteurs ont \u00e9t\u00e9 g\u00ean\u00e9s par les deux chutes qui ont eu lieu dans le final de la quatri\u00e8me \u00e9tape. Dylan Groenewegen \u00e9tait absent du sprint car pi\u00e9g\u00e9 par le chute qui a eu lieu au kilom\u00e8tre. Ben Swift \u00e9tait pass\u00e9 au travers mais il a &hellip;<\/p>\n","protected":false},"author":3,"featured_media":29051,"comment_status":"open","ping_status":"open","sticky":false,"template":"","format":"standard","meta":{"footnotes":""},"categories":[12,25,15,39],"tags":[],"class_list":["post-29050","post","type-post","status-publish","format-standard","has-post-thumbnail","hentry","category-non-classe","category-news","category-route","category-tour-de-france"],"_links":{"self":[{"href":"https:\/\/cyclingpro.net\/velopro\/wp-json\/wp\/v2\/posts\/29050","targetHints":{"allow":["GET"]}}],"collection":[{"href":"https:\/\/cyclingpro.net\/velopro\/wp-json\/wp\/v2\/posts"}],"about":[{"href":"https:\/\/cyclingpro.net\/velopro\/wp-json\/wp\/v2\/types\/post"}],"author":[{"embeddable":true,"href":"https:\/\/cyclingpro.net\/velopro\/wp-json\/wp\/v2\/users\/3"}],"replies":[{"embeddable":true,"href":"https:\/\/cyclingpro.net\/velopro\/wp-json\/wp\/v2\/comments?post=29050"}],"version-history":[{"count":0,"href":"https:\/\/cyclingpro.net\/velopro\/wp-json\/wp\/v2\/posts\/29050\/revisions"}],"wp:featuredmedia":[{"embeddable":true,"href":"https:\/\/cyclingpro.net\/velopro\/wp-json\/wp\/v2\/media\/29051"}],"wp:attachment":[{"href":"https:\/\/cyclingpro.net\/velopro\/wp-json\/wp\/v2\/media?parent=29050"}],"wp:term":[{"taxonomy":"category","embeddable":true,"href":"https:\/\/cyclingpro.net\/velopro\/wp-json\/wp\/v2\/categories?post=29050"},{"taxonomy":"post_tag","embeddable":true,"href":"https:\/\/cyclingpro.net\/velopro\/wp-json\/wp\/v2\/tags?post=29050"}],"curies":[{"name":"wp","href":"https:\/\/api.w.org\/{rel}","templated":true}]}}