{"id":28328,"date":"2017-07-02T10:19:38","date_gmt":"2017-07-02T08:19:38","guid":{"rendered":"http:\/\/cyclingpro.net\/velopro\/?p=28328"},"modified":"2017-07-02T10:19:38","modified_gmt":"2017-07-02T08:19:38","slug":"fracture-ion-izagirre","status":"publish","type":"post","link":"https:\/\/cyclingpro.net\/velopro\/course\/tour-de-france\/fracture-ion-izagirre\/","title":{"rendered":"Fracture pour Ion Izagirre"},"content":{"rendered":"<p>Contrairement au premier diagnostique qui a \u00e9t\u00e9 donn\u00e9 hier, Ion Izagirre a aussi \u00e9t\u00e9 durement touch\u00e9 lors de sa chute. Selon son \u00e9quipe, il souffre d&rsquo;une fracture aux vert\u00e8bres lombaires qui n\u00e9cessite une op\u00e9ration. Rappelons que l&rsquo;Espagnol a chut\u00e9 dans le m\u00eame virage qu&rsquo;Alejandro Valverde et beaucoup d&rsquo;autres coureurs. Il a \u00e9galement abandonn\u00e9. Sa dur\u00e9e d&rsquo;indisponibilit\u00e9 n&rsquo;est pas connue mais l&rsquo;\u00e9quipe Bahrain-Merida doit d\u00e9sormais r\u00e9fl\u00e9chir \u00e0 de nouveaux objectifs sur ce Tour.<\/p>\n","protected":false},"excerpt":{"rendered":"<p>Contrairement au premier diagnostique qui a \u00e9t\u00e9 donn\u00e9 hier, Ion Izagirre a aussi \u00e9t\u00e9 durement touch\u00e9 lors de sa chute. Selon son \u00e9quipe, il souffre d&rsquo;une fracture aux vert\u00e8bres lombaires qui n\u00e9cessite une op\u00e9ration. Rappelons que l&rsquo;Espagnol a chut\u00e9 dans le m\u00eame virage qu&rsquo;Alejandro Valverde et beaucoup d&rsquo;autres coureurs. Il a \u00e9galement abandonn\u00e9. Sa dur\u00e9e &hellip;<\/p>\n","protected":false},"author":3,"featured_media":28329,"comment_status":"open","ping_status":"open","sticky":false,"template":"","format":"standard","meta":{"footnotes":""},"categories":[12,41,25,15,39],"tags":[],"class_list":["post-28328","post","type-post","status-publish","format-standard","has-post-thumbnail","hentry","category-non-classe","category-infirmerie","category-news","category-route","category-tour-de-france"],"_links":{"self":[{"href":"https:\/\/cyclingpro.net\/velopro\/wp-json\/wp\/v2\/posts\/28328","targetHints":{"allow":["GET"]}}],"collection":[{"href":"https:\/\/cyclingpro.net\/velopro\/wp-json\/wp\/v2\/posts"}],"about":[{"href":"https:\/\/cyclingpro.net\/velopro\/wp-json\/wp\/v2\/types\/post"}],"author":[{"embeddable":true,"href":"https:\/\/cyclingpro.net\/velopro\/wp-json\/wp\/v2\/users\/3"}],"replies":[{"embeddable":true,"href":"https:\/\/cyclingpro.net\/velopro\/wp-json\/wp\/v2\/comments?post=28328"}],"version-history":[{"count":0,"href":"https:\/\/cyclingpro.net\/velopro\/wp-json\/wp\/v2\/posts\/28328\/revisions"}],"wp:featuredmedia":[{"embeddable":true,"href":"https:\/\/cyclingpro.net\/velopro\/wp-json\/wp\/v2\/media\/28329"}],"wp:attachment":[{"href":"https:\/\/cyclingpro.net\/velopro\/wp-json\/wp\/v2\/media?parent=28328"}],"wp:term":[{"taxonomy":"category","embeddable":true,"href":"https:\/\/cyclingpro.net\/velopro\/wp-json\/wp\/v2\/categories?post=28328"},{"taxonomy":"post_tag","embeddable":true,"href":"https:\/\/cyclingpro.net\/velopro\/wp-json\/wp\/v2\/tags?post=28328"}],"curies":[{"name":"wp","href":"https:\/\/api.w.org\/{rel}","templated":true}]}}