{"id":28320,"date":"2017-07-02T09:31:03","date_gmt":"2017-07-02T07:31:03","guid":{"rendered":"http:\/\/cyclingpro.net\/velopro\/?p=28320"},"modified":"2017-07-02T09:31:03","modified_gmt":"2017-07-02T07:31:03","slug":"fin-de-saison-alejandro-valverde","status":"publish","type":"post","link":"https:\/\/cyclingpro.net\/velopro\/course\/tour-de-france\/fin-de-saison-alejandro-valverde\/","title":{"rendered":"Fin de saison pour Alejandro Valverde"},"content":{"rendered":"<p>Alejandro Valverde ne devrait pas, sauf miracle, recourir cette saison. Lourdement touch\u00e9 apr\u00e8s une chute \u00e0 grande vitesse dans un virage d\u00e9tremp\u00e9 apr\u00e8s 7 kilom\u00e8tres parcourus sur le chrono d&rsquo;ouverture du Tour \u00e0 D\u00fcsseldorf, le Murcian souffre d&rsquo;une fracture de la rotule, d&rsquo;une fracture de l&rsquo;astragale (un os situ\u00e9 sur le haut du pied), et d&rsquo;une profonde entaille \u00e0 la jambe qui n&rsquo;a toutefois pas touch\u00e9 de muscle.<\/p>\n<p>Op\u00e9r\u00e9 hier soir de sa fracture de la rotule, le leader de la formation Movistar s&rsquo;est montr\u00e9 sur une photo sur son lit d&rsquo;h\u00f4pital avec le sourire ce matin mais il sait que sa saison est tr\u00e8s probablement termin\u00e9e. Dans un communiqu\u00e9, l&rsquo;\u00e9quipe espagnole a expliqu\u00e9 que <i>\u00ab\u00a0les temps de r\u00e9cup\u00e9ration pr\u00e9vus par l&rsquo;\u00e9quipe m\u00e9dicale compliquent, en principe, la possibilit\u00e9 de revoir le Murcian en comp\u00e9tition durant le reste de la saison.\u00a0\u00bb<\/i><\/p>\n<p>Un \u00e9norme coup dur pour l&rsquo;Espagnol qui \u00e9tait jusqu&rsquo;ici l&rsquo;un des meilleurs coureurs de la saison avec onze victoires dont celle sur les Tours de Catalogne et du Pays Basque mais aussi ses victoires sur la Fl\u00e8che Wallonne et Li\u00e8ge-Bastogne-Li\u00e8ge.<\/p>\n","protected":false},"excerpt":{"rendered":"<p>Alejandro Valverde ne devrait pas, sauf miracle, recourir cette saison. Lourdement touch\u00e9 apr\u00e8s une chute \u00e0 grande vitesse dans un virage d\u00e9tremp\u00e9 apr\u00e8s 7 kilom\u00e8tres parcourus sur le chrono d&rsquo;ouverture du Tour \u00e0 D\u00fcsseldorf, le Murcian souffre d&rsquo;une fracture de la rotule, d&rsquo;une fracture de l&rsquo;astragale (un os situ\u00e9 sur le haut du pied), et &hellip;<\/p>\n","protected":false},"author":3,"featured_media":28321,"comment_status":"open","ping_status":"open","sticky":false,"template":"","format":"standard","meta":{"footnotes":""},"categories":[11,41,25,15,39],"tags":[],"class_list":["post-28320","post","type-post","status-publish","format-standard","has-post-thumbnail","hentry","category-news-niveau-2","category-infirmerie","category-news","category-route","category-tour-de-france"],"_links":{"self":[{"href":"https:\/\/cyclingpro.net\/velopro\/wp-json\/wp\/v2\/posts\/28320","targetHints":{"allow":["GET"]}}],"collection":[{"href":"https:\/\/cyclingpro.net\/velopro\/wp-json\/wp\/v2\/posts"}],"about":[{"href":"https:\/\/cyclingpro.net\/velopro\/wp-json\/wp\/v2\/types\/post"}],"author":[{"embeddable":true,"href":"https:\/\/cyclingpro.net\/velopro\/wp-json\/wp\/v2\/users\/3"}],"replies":[{"embeddable":true,"href":"https:\/\/cyclingpro.net\/velopro\/wp-json\/wp\/v2\/comments?post=28320"}],"version-history":[{"count":0,"href":"https:\/\/cyclingpro.net\/velopro\/wp-json\/wp\/v2\/posts\/28320\/revisions"}],"wp:featuredmedia":[{"embeddable":true,"href":"https:\/\/cyclingpro.net\/velopro\/wp-json\/wp\/v2\/media\/28321"}],"wp:attachment":[{"href":"https:\/\/cyclingpro.net\/velopro\/wp-json\/wp\/v2\/media?parent=28320"}],"wp:term":[{"taxonomy":"category","embeddable":true,"href":"https:\/\/cyclingpro.net\/velopro\/wp-json\/wp\/v2\/categories?post=28320"},{"taxonomy":"post_tag","embeddable":true,"href":"https:\/\/cyclingpro.net\/velopro\/wp-json\/wp\/v2\/tags?post=28320"}],"curies":[{"name":"wp","href":"https:\/\/api.w.org\/{rel}","templated":true}]}}