{"id":28091,"date":"2017-07-01T13:14:39","date_gmt":"2017-07-01T11:14:39","guid":{"rendered":"http:\/\/cyclingpro.net\/velopro\/?p=28091"},"modified":"2017-07-01T13:14:39","modified_gmt":"2017-07-01T11:14:39","slug":"mikel-landa-chez-movistar-ca-coince-eusebio-unzue","status":"publish","type":"post","link":"https:\/\/cyclingpro.net\/velopro\/mercato\/mikel-landa-chez-movistar-ca-coince-eusebio-unzue\/","title":{"rendered":"Mikel Landa chez Movistar, \u00e7a coince pour Eusebio Unzu\u00e9"},"content":{"rendered":"<p>Mikel Landa, qui sera en fin de contrat au mois de d\u00e9cembre, semblait \u00eatre une piste de recrutement importante pour la formation Movistar. Le Basque, qui recherche un r\u00f4le de leader au sein d&rsquo;une \u00e9quipe WorldTour, pourrait peut-\u00eatre trouver cette opportunit\u00e9 au sein de l&rsquo;effectif espagnol. Mais bizarrement, Eusebio Unzu\u00e9, le manager g\u00e9n\u00e9ral de la formation, ne semble pas y croire, ou alors il bluffe. Aupr\u00e8s de nos confr\u00e8res de Marca, il s&rsquo;est montr\u00e9 peu optimiste quand \u00e0 une \u00e9ventuelle signature du grimpeur du Team Sky. <i>\u00ab\u00a0Je pense que je ne pourrais pas le faire signer,<\/i> a-t-il dit, <i>mais si nous pouvions, nous le ferions.\u00a0\u00bb <\/i>Le dossier pourrait s&rsquo;\u00e9claircir sur le Tour de France.<\/p>\n","protected":false},"excerpt":{"rendered":"<p>Mikel Landa, qui sera en fin de contrat au mois de d\u00e9cembre, semblait \u00eatre une piste de recrutement importante pour la formation Movistar. Le Basque, qui recherche un r\u00f4le de leader au sein d&rsquo;une \u00e9quipe WorldTour, pourrait peut-\u00eatre trouver cette opportunit\u00e9 au sein de l&rsquo;effectif espagnol. Mais bizarrement, Eusebio Unzu\u00e9, le manager g\u00e9n\u00e9ral de la &hellip;<\/p>\n","protected":false},"author":3,"featured_media":22327,"comment_status":"open","ping_status":"open","sticky":false,"template":"","format":"standard","meta":{"footnotes":""},"categories":[12,25,15,10],"tags":[],"class_list":["post-28091","post","type-post","status-publish","format-standard","has-post-thumbnail","hentry","category-non-classe","category-news","category-route","category-mercato"],"_links":{"self":[{"href":"https:\/\/cyclingpro.net\/velopro\/wp-json\/wp\/v2\/posts\/28091","targetHints":{"allow":["GET"]}}],"collection":[{"href":"https:\/\/cyclingpro.net\/velopro\/wp-json\/wp\/v2\/posts"}],"about":[{"href":"https:\/\/cyclingpro.net\/velopro\/wp-json\/wp\/v2\/types\/post"}],"author":[{"embeddable":true,"href":"https:\/\/cyclingpro.net\/velopro\/wp-json\/wp\/v2\/users\/3"}],"replies":[{"embeddable":true,"href":"https:\/\/cyclingpro.net\/velopro\/wp-json\/wp\/v2\/comments?post=28091"}],"version-history":[{"count":0,"href":"https:\/\/cyclingpro.net\/velopro\/wp-json\/wp\/v2\/posts\/28091\/revisions"}],"wp:featuredmedia":[{"embeddable":true,"href":"https:\/\/cyclingpro.net\/velopro\/wp-json\/wp\/v2\/media\/22327"}],"wp:attachment":[{"href":"https:\/\/cyclingpro.net\/velopro\/wp-json\/wp\/v2\/media?parent=28091"}],"wp:term":[{"taxonomy":"category","embeddable":true,"href":"https:\/\/cyclingpro.net\/velopro\/wp-json\/wp\/v2\/categories?post=28091"},{"taxonomy":"post_tag","embeddable":true,"href":"https:\/\/cyclingpro.net\/velopro\/wp-json\/wp\/v2\/tags?post=28091"}],"curies":[{"name":"wp","href":"https:\/\/api.w.org\/{rel}","templated":true}]}}