{"id":26843,"date":"2017-06-20T17:09:49","date_gmt":"2017-06-20T15:09:49","guid":{"rendered":"http:\/\/cyclingpro.net\/velopro\/?p=26843"},"modified":"2017-06-20T17:11:17","modified_gmt":"2017-06-20T15:11:17","slug":"championnats-de-france-7-hommes-lice-fdj","status":"publish","type":"post","link":"https:\/\/cyclingpro.net\/velopro\/course\/championnat-de-france-2017\/championnats-de-france-7-hommes-lice-fdj\/","title":{"rendered":"Championnats de France : 7 hommes de la FDJ en lice pour le chrono"},"content":{"rendered":"<p style=\"text-align: justify;\">La formation FDJ part \u00e0 la d\u00e9fense de ses deux titres nationaux cette semaine \u00e0 Saint-Omer (Pas-de-Calais). Le premier en jeu, celui du contre-la-montre, d\u00e9tenu par Thibaut Pinot, sera remis sur la table ce jeudi sur les 51,6 kilom\u00e8tres du parcours. Le champion de France en titre sera \u00e9videmment pr\u00e9sent pour d\u00e9fendre son bien, malgr\u00e9 un circuit plus plat qu&rsquo;\u00e0 Vesoul. Il sera accompagn\u00e9 par Anthony Roux\u00a0et J\u00e9r\u00e9my Roy, tous deux double vice-champion de France de l&rsquo;exercice, Johan Le Bon, m\u00e9daill\u00e9 de bronze en 2013, ainsi que les jeunes J\u00e9r\u00e9my Maison, L\u00e9o Vincent et Marc Fournier.<\/p>\n<blockquote class=\"twitter-tweet\" data-lang=\"fr\">\n<p dir=\"ltr\" lang=\"fr\">Record ! Nous aurons un total de 7 repr\u00e9sentants sur le CLM des Championnats de France jeudi ! <a href=\"https:\/\/twitter.com\/hashtag\/SaintOmer2017?src=hash\">#SaintOmer2017<\/a> <a href=\"https:\/\/t.co\/ECwCOSSBeo\">pic.twitter.com\/ECwCOSSBeo<\/a><\/p>\n<p>\u2014 Equipe FDJ (@EquipeFDJ) <a href=\"https:\/\/twitter.com\/EquipeFDJ\/status\/877176691344506880\">20 juin 2017<\/a><\/p><\/blockquote>\n<p><script async src=\"\/\/platform.twitter.com\/widgets.js\" charset=\"utf-8\"><\/script><\/p>\n","protected":false},"excerpt":{"rendered":"<p>La formation FDJ part \u00e0 la d\u00e9fense de ses deux titres nationaux cette semaine \u00e0 Saint-Omer (Pas-de-Calais). Le premier en jeu, celui du contre-la-montre, d\u00e9tenu par Thibaut Pinot, sera remis sur la table ce jeudi sur les 51,6 kilom\u00e8tres du parcours. Le champion de France en titre sera \u00e9videmment pr\u00e9sent pour d\u00e9fendre son bien, malgr\u00e9 &hellip;<\/p>\n","protected":false},"author":5,"featured_media":19931,"comment_status":"open","ping_status":"open","sticky":false,"template":"","format":"standard","meta":{"footnotes":""},"categories":[11,93,26,15],"tags":[],"class_list":["post-26843","post","type-post","status-publish","format-standard","has-post-thumbnail","hentry","category-news-niveau-2","category-championnat-de-france-2017","category-compositions","category-route"],"_links":{"self":[{"href":"https:\/\/cyclingpro.net\/velopro\/wp-json\/wp\/v2\/posts\/26843","targetHints":{"allow":["GET"]}}],"collection":[{"href":"https:\/\/cyclingpro.net\/velopro\/wp-json\/wp\/v2\/posts"}],"about":[{"href":"https:\/\/cyclingpro.net\/velopro\/wp-json\/wp\/v2\/types\/post"}],"author":[{"embeddable":true,"href":"https:\/\/cyclingpro.net\/velopro\/wp-json\/wp\/v2\/users\/5"}],"replies":[{"embeddable":true,"href":"https:\/\/cyclingpro.net\/velopro\/wp-json\/wp\/v2\/comments?post=26843"}],"version-history":[{"count":0,"href":"https:\/\/cyclingpro.net\/velopro\/wp-json\/wp\/v2\/posts\/26843\/revisions"}],"wp:featuredmedia":[{"embeddable":true,"href":"https:\/\/cyclingpro.net\/velopro\/wp-json\/wp\/v2\/media\/19931"}],"wp:attachment":[{"href":"https:\/\/cyclingpro.net\/velopro\/wp-json\/wp\/v2\/media?parent=26843"}],"wp:term":[{"taxonomy":"category","embeddable":true,"href":"https:\/\/cyclingpro.net\/velopro\/wp-json\/wp\/v2\/categories?post=26843"},{"taxonomy":"post_tag","embeddable":true,"href":"https:\/\/cyclingpro.net\/velopro\/wp-json\/wp\/v2\/tags?post=26843"}],"curies":[{"name":"wp","href":"https:\/\/api.w.org\/{rel}","templated":true}]}}