{"id":26373,"date":"2017-06-17T12:40:46","date_gmt":"2017-06-17T10:40:46","guid":{"rendered":"http:\/\/cyclingpro.net\/velopro\/?p=26373"},"modified":"2017-06-17T11:30:02","modified_gmt":"2017-06-17T09:30:02","slug":"tenue-adaptee-lottonl-jumbo-tour","status":"publish","type":"post","link":"https:\/\/cyclingpro.net\/velopro\/news-niveau-2\/tenue-adaptee-lottonl-jumbo-tour\/","title":{"rendered":"Tenue adapt\u00e9e pour LottoNL-Jumbo sur le Tour"},"content":{"rendered":"<p style=\"text-align: justify;\">L&rsquo;\u00e9quipe LottoNL-Jumbo a apport\u00e9 quelques modifications au niveau du design de son maillot pour le prochain Tour de France, confirme la formation au site n\u00e9erlandais <em>Wielerflits<\/em>.<\/p>\n<p style=\"text-align: justify;\">Ainsi, le maillot sera pratiquement enti\u00e8rement noir. Les \u00e9paules seront en jaune. Vous pouvez observer la tenue sur le <a href=\"http:\/\/www.letour.fr\/le-tour\/2017\/us\/teams\/tlj.html\">site web<\/a> du Tour de France.<\/p>\n<p style=\"text-align: justify;\">La raison de ce changement est sans doute que le jaune habituel de la formation LottoNL-Jumbo pourrait \u00eatre confondus avec celui de la tunique de leader du classement g\u00e9n\u00e9ral du Tour de France.<\/p>\n<p style=\"text-align: justify;\">Ce n&rsquo;est pas la premi\u00e8re fois dans l&rsquo;histoire qu&rsquo;une \u00e9quipe change son maillot avant le Grand D\u00e9part. Par le pass\u00e9,\u00a0O.N.C.E.-Eroski, Saunier Duval-Prodir et Mercatune Uno avaient \u00e9galement chang\u00e9 leur tenue afin de bien les diff\u00e9rencier du maillot jaune.<\/p>\n","protected":false},"excerpt":{"rendered":"<p>L&rsquo;\u00e9quipe LottoNL-Jumbo a apport\u00e9 quelques modifications au niveau du design de son maillot pour le prochain Tour de France, confirme la formation au site n\u00e9erlandais Wielerflits. Ainsi, le maillot sera pratiquement enti\u00e8rement noir. Les \u00e9paules seront en jaune. Vous pouvez observer la tenue sur le site web du Tour de France. La raison de ce &hellip;<\/p>\n","protected":false},"author":6,"featured_media":5363,"comment_status":"open","ping_status":"open","sticky":false,"template":"","format":"standard","meta":{"footnotes":""},"categories":[11,25,15],"tags":[],"class_list":["post-26373","post","type-post","status-publish","format-standard","has-post-thumbnail","hentry","category-news-niveau-2","category-news","category-route"],"_links":{"self":[{"href":"https:\/\/cyclingpro.net\/velopro\/wp-json\/wp\/v2\/posts\/26373","targetHints":{"allow":["GET"]}}],"collection":[{"href":"https:\/\/cyclingpro.net\/velopro\/wp-json\/wp\/v2\/posts"}],"about":[{"href":"https:\/\/cyclingpro.net\/velopro\/wp-json\/wp\/v2\/types\/post"}],"author":[{"embeddable":true,"href":"https:\/\/cyclingpro.net\/velopro\/wp-json\/wp\/v2\/users\/6"}],"replies":[{"embeddable":true,"href":"https:\/\/cyclingpro.net\/velopro\/wp-json\/wp\/v2\/comments?post=26373"}],"version-history":[{"count":0,"href":"https:\/\/cyclingpro.net\/velopro\/wp-json\/wp\/v2\/posts\/26373\/revisions"}],"wp:featuredmedia":[{"embeddable":true,"href":"https:\/\/cyclingpro.net\/velopro\/wp-json\/wp\/v2\/media\/5363"}],"wp:attachment":[{"href":"https:\/\/cyclingpro.net\/velopro\/wp-json\/wp\/v2\/media?parent=26373"}],"wp:term":[{"taxonomy":"category","embeddable":true,"href":"https:\/\/cyclingpro.net\/velopro\/wp-json\/wp\/v2\/categories?post=26373"},{"taxonomy":"post_tag","embeddable":true,"href":"https:\/\/cyclingpro.net\/velopro\/wp-json\/wp\/v2\/tags?post=26373"}],"curies":[{"name":"wp","href":"https:\/\/api.w.org\/{rel}","templated":true}]}}