{"id":25445,"date":"2017-06-13T16:05:55","date_gmt":"2017-06-13T14:05:55","guid":{"rendered":"http:\/\/cyclingpro.net\/velopro\/?p=25445"},"modified":"2017-06-13T15:41:29","modified_gmt":"2017-06-13T13:41:29","slug":"tour-de-france-7-noms-9-wanty-groupe-gobert","status":"publish","type":"post","link":"https:\/\/cyclingpro.net\/velopro\/course\/tour-de-france\/tour-de-france-7-noms-9-wanty-groupe-gobert\/","title":{"rendered":"Tour de France\u00a0: 7 noms sur 9 pour Wanty-Groupe Gobert"},"content":{"rendered":"<p>La formation Wanty-Groupe Gobert a d\u00e9j\u00e0 pas mal de certitudes pour le prochain Tour de France. A moins de trois semaines du Grand D\u00e9part, l&rsquo;\u00e9quipe belge vient de d\u00e9voiler les noms de sept des neuf coureurs qui prendront le d\u00e9part de D\u00fcsseldorf. Il y aura notamment le Fran\u00e7ais Guillaume Martin qui devrait \u00eatre le leader pour le g\u00e9n\u00e9ral. Un deuxi\u00e8me tricolore sera de la partie, il s&rsquo;agit de Yoann Offredo. Les hommes de classiques Frederik Backaert, Guillaume Van Keirsbulck et Pieter Vanspeybrouck ont \u00e9galement valid\u00e9 leur billet pour la Grande Boucle. Les deux autres s\u00e9lectionn\u00e9s sont Thomas Degand et Marco Minnaard.<i> \u00ab\u00a0Nous avons r\u00e9alis\u00e9 notre s\u00e9lection en choisissant des hommes capables de r\u00e9sister durant trois semaines,<\/i> explique le directeur sportif Hilaire van der Schueren. <i>Nous avons pris des hommes pour tous les terrains. Guillaume Martin et Thomas Degand ont fait leurs preuves en montagne, comme l\u2019ensemble de l\u2019\u00e9quipe du Dauphin\u00e9 qui a livr\u00e9 une magnifique prestation. Van Keirsbulck sera, esp\u00e9rons-le, pr\u00e9sent sur le chrono. Pieter Vanspeybrouck a int\u00e9gr\u00e9 le top 20 au Dauphin\u00e9 et nous tenterons de faire encore mieux au Tour. Et Frederik Backaert a \u00e9galement prouv\u00e9 qu\u2019il \u00e9tait capable de se d\u00e9fendre en \u00e9chapp\u00e9e. Minnaard m\u00e9rite sa s\u00e9lection car il a toujours travaill\u00e9 au service du collectif et qu\u2019il sort d\u2019un bon Dauphin\u00e9. Offredo a lui sign\u00e9 le meilleur printemps sur les classiques, puis s\u2019est pr\u00e9par\u00e9 pour le Tour.\u00a0\u00bb <\/i>Il reste donc deux places \u00e0 prendre pour le Tour de France au sein de l&rsquo;\u00e9quipe Wanty-Goupe Gobert.<\/p>\n","protected":false},"excerpt":{"rendered":"<p>La formation Wanty-Groupe Gobert a d\u00e9j\u00e0 pas mal de certitudes pour le prochain Tour de France. A moins de trois semaines du Grand D\u00e9part, l&rsquo;\u00e9quipe belge vient de d\u00e9voiler les noms de sept des neuf coureurs qui prendront le d\u00e9part de D\u00fcsseldorf. Il y aura notamment le Fran\u00e7ais Guillaume Martin qui devrait \u00eatre le leader &hellip;<\/p>\n","protected":false},"author":3,"featured_media":25236,"comment_status":"open","ping_status":"open","sticky":false,"template":"","format":"standard","meta":{"footnotes":""},"categories":[12,26,15,39],"tags":[],"class_list":["post-25445","post","type-post","status-publish","format-standard","has-post-thumbnail","hentry","category-non-classe","category-compositions","category-route","category-tour-de-france"],"_links":{"self":[{"href":"https:\/\/cyclingpro.net\/velopro\/wp-json\/wp\/v2\/posts\/25445","targetHints":{"allow":["GET"]}}],"collection":[{"href":"https:\/\/cyclingpro.net\/velopro\/wp-json\/wp\/v2\/posts"}],"about":[{"href":"https:\/\/cyclingpro.net\/velopro\/wp-json\/wp\/v2\/types\/post"}],"author":[{"embeddable":true,"href":"https:\/\/cyclingpro.net\/velopro\/wp-json\/wp\/v2\/users\/3"}],"replies":[{"embeddable":true,"href":"https:\/\/cyclingpro.net\/velopro\/wp-json\/wp\/v2\/comments?post=25445"}],"version-history":[{"count":0,"href":"https:\/\/cyclingpro.net\/velopro\/wp-json\/wp\/v2\/posts\/25445\/revisions"}],"wp:featuredmedia":[{"embeddable":true,"href":"https:\/\/cyclingpro.net\/velopro\/wp-json\/wp\/v2\/media\/25236"}],"wp:attachment":[{"href":"https:\/\/cyclingpro.net\/velopro\/wp-json\/wp\/v2\/media?parent=25445"}],"wp:term":[{"taxonomy":"category","embeddable":true,"href":"https:\/\/cyclingpro.net\/velopro\/wp-json\/wp\/v2\/categories?post=25445"},{"taxonomy":"post_tag","embeddable":true,"href":"https:\/\/cyclingpro.net\/velopro\/wp-json\/wp\/v2\/tags?post=25445"}],"curies":[{"name":"wp","href":"https:\/\/api.w.org\/{rel}","templated":true}]}}