{"id":23903,"date":"2017-06-06T15:22:39","date_gmt":"2017-06-06T13:22:39","guid":{"rendered":"http:\/\/cyclingpro.net\/velopro\/?p=23903"},"modified":"2017-06-06T15:03:09","modified_gmt":"2017-06-06T13:03:09","slug":"plusieurs-coureurs-viseur-de-bahrain-merida","status":"publish","type":"post","link":"https:\/\/cyclingpro.net\/velopro\/mercato\/plusieurs-coureurs-viseur-de-bahrain-merida\/","title":{"rendered":"Plusieurs coureurs dans le viseur de Bahrain-Merida"},"content":{"rendered":"<p>La formation Bahrain-Merida courtiserait plusieurs coureurs et s&rsquo;appr\u00eate visiblement \u00e0 \u00eatre tr\u00e8s active sur le march\u00e9 des transferts \u00e0 l&rsquo;intersaison. L&rsquo;\u00e9quipe de Vincenzo Nibali pourrait renforcer son projet avec la venue de nouveaux hommes forts. Ainsi, la prolongation de Sonny Colbrelli ce matin ne serait que le d\u00e9but du mercato de l&rsquo;\u00e9quipe de Brent Copeland qui veut monter l&rsquo;une des meilleures \u00e9quipes du peloton dans quelques ann\u00e9es.<\/p>\n<p>Selon nos confr\u00e8res de Marca, un accord aurait d\u00e9j\u00e0 abouti pour assurer la venue de Gorka Izagirre, vainqueur d&rsquo;\u00e9tape sur le Giro \u00e0 Peschici, et qui rejoindrait son petit fr\u00e8re Ion l&rsquo;an prochain pour de nouveau \u00e9voluer \u00e0 ses c\u00f4t\u00e9s. Il se dit aussi que l&rsquo;\u00e9quipe Bahrain-Merida cherche \u00e0 recruter d&rsquo;autres coureurs de Grands Tours malgr\u00e9 les pr\u00e9sences de Ion Izagirre justement et de Vincenzo Nibali. Mikel Landa, annonc\u00e9 sur le retour vers Astana, pourrait tout aussi bien rejoindre l&rsquo;\u00e9quipe de Copeland pour peut-\u00eatre trouver une place de leader unique sur les Grands Tours. Le jeune leader de Cannondale-Drapac, Davide Formolo, pourrait aussi \u00eatre attir\u00e9 dans les filets de l&rsquo;\u00e9quipe pour prendre la succession de Vincenzo Nibali \u00e0 terme. Des pistes qui n&rsquo;en sont pour le moment qu&rsquo;au stade de la discussion mais qui sont la preuve des ambitions de la formation Bahrain-Merida pour le prochain mercato.<\/p>\n","protected":false},"excerpt":{"rendered":"<p>La formation Bahrain-Merida courtiserait plusieurs coureurs et s&rsquo;appr\u00eate visiblement \u00e0 \u00eatre tr\u00e8s active sur le march\u00e9 des transferts \u00e0 l&rsquo;intersaison. L&rsquo;\u00e9quipe de Vincenzo Nibali pourrait renforcer son projet avec la venue de nouveaux hommes forts. Ainsi, la prolongation de Sonny Colbrelli ce matin ne serait que le d\u00e9but du mercato de l&rsquo;\u00e9quipe de Brent Copeland &hellip;<\/p>\n","protected":false},"author":3,"featured_media":21973,"comment_status":"open","ping_status":"open","sticky":false,"template":"","format":"standard","meta":{"footnotes":""},"categories":[12,25,15,10],"tags":[],"class_list":["post-23903","post","type-post","status-publish","format-standard","has-post-thumbnail","hentry","category-non-classe","category-news","category-route","category-mercato"],"_links":{"self":[{"href":"https:\/\/cyclingpro.net\/velopro\/wp-json\/wp\/v2\/posts\/23903","targetHints":{"allow":["GET"]}}],"collection":[{"href":"https:\/\/cyclingpro.net\/velopro\/wp-json\/wp\/v2\/posts"}],"about":[{"href":"https:\/\/cyclingpro.net\/velopro\/wp-json\/wp\/v2\/types\/post"}],"author":[{"embeddable":true,"href":"https:\/\/cyclingpro.net\/velopro\/wp-json\/wp\/v2\/users\/3"}],"replies":[{"embeddable":true,"href":"https:\/\/cyclingpro.net\/velopro\/wp-json\/wp\/v2\/comments?post=23903"}],"version-history":[{"count":0,"href":"https:\/\/cyclingpro.net\/velopro\/wp-json\/wp\/v2\/posts\/23903\/revisions"}],"wp:featuredmedia":[{"embeddable":true,"href":"https:\/\/cyclingpro.net\/velopro\/wp-json\/wp\/v2\/media\/21973"}],"wp:attachment":[{"href":"https:\/\/cyclingpro.net\/velopro\/wp-json\/wp\/v2\/media?parent=23903"}],"wp:term":[{"taxonomy":"category","embeddable":true,"href":"https:\/\/cyclingpro.net\/velopro\/wp-json\/wp\/v2\/categories?post=23903"},{"taxonomy":"post_tag","embeddable":true,"href":"https:\/\/cyclingpro.net\/velopro\/wp-json\/wp\/v2\/tags?post=23903"}],"curies":[{"name":"wp","href":"https:\/\/api.w.org\/{rel}","templated":true}]}}