{"id":23888,"date":"2017-06-06T14:45:36","date_gmt":"2017-06-06T12:45:36","guid":{"rendered":"http:\/\/cyclingpro.net\/velopro\/?p=23888"},"modified":"2017-06-06T15:15:08","modified_gmt":"2017-06-06T13:15:08","slug":"tour-de-france-bryan-coquard-ira-ira","status":"publish","type":"post","link":"https:\/\/cyclingpro.net\/velopro\/course\/tour-de-france\/tour-de-france-bryan-coquard-ira-ira\/","title":{"rendered":"Tour de France : Bryan Coquard, ira, ira pas ?"},"content":{"rendered":"<p style=\"text-align: justify;\">Bryan Coquard aurait pu aborder le Crit\u00e9rium du Dauphin\u00e9 plus sereinement. Mais en raison de son annonce concernant son avenir, il y a quelques semaines, une certaine pression p\u00e8se sur ses \u00e9paules. D\u00e9sormais, du fait de son d\u00e9part de l&rsquo;\u00e9quipe Direct Energie \u00e0 la fin de la saison, sa place pour le Tour de France n&rsquo;est plus garantie.\u00a0Elle semblait m\u00eame tout \u00e0 fait impossible il y a peu lorsque son manager Jean-Ren\u00e9 Bernaudeau estimait que son sprinteur allait de fait\u00a0<em>\u00ab\u00a0changer d&rsquo;\u00e9tat d&rsquo;esprit\u00a0\u00bb<\/em>. Le patron de la formation vend\u00e9enne a finalement revu son jugement et laisse la porte ouverte, \u00e0 certaines conditions.<em> \u00ab\u00a0S&rsquo;il nous donne des garanties, il ira,<\/em> <span style=\"text-decoration: underline;\"><a href=\"https:\/\/www.lequipe.fr\/Cyclisme-sur-route\/Actualites\/Direct-energie-bryan-coquard-sera-t-il-prive-de-tour-de-france\/807953\">a-t-il assur\u00e9 aupr\u00e8s de L&rsquo;Equipe<\/a><\/span>.<em> Des garanties, c&rsquo;est gagner une \u00e9tape du Dauphin\u00e9 ; s&rsquo;il bat D\u00e9mare, ce serait une bonne nouvelle. On croit encore en lui. Mais il faut que la t\u00eate soit dans l&rsquo;alignement des plan\u00e8tes. Il est perturb\u00e9, \u00e7a se voit.\u00a0\u00bb<\/em><\/p>\n<p style=\"text-align: justify;\">Jusque l\u00e0 victorieux \u00e0 cinq reprises cette saison, Coquard joue donc gros sur le Crit\u00e9rium du Dauphin\u00e9, o\u00f9 il n&rsquo;a pris que la dixi\u00e8me place lundi. <span style=\"text-decoration: underline;\"><a href=\"http:\/\/cyclingpro.net\/velopro\/course\/criterium-du-dauphine\/bryan-coquard-petit-souci-de-timing\/\">La faute \u00e0 un probl\u00e8me de timing nous disait-il<\/a><\/span>. Il reste deux occasions au sprinteur de poche de la Direct Energie, qui se veut r\u00e9solument optimiste en vue du Tour.<em> \u00ab\u00a0Je fais tout comme si j&rsquo;y allais<\/em>, a-t-il d\u00e9clar\u00e9 aupr\u00e8s de L&rsquo;Equipe. <em>Cette situation n&rsquo;est pas facile \u00e0 vivre, c&rsquo;est m\u00eame chiant. Jean-Ren\u00e9 m&rsquo;a permis de toucher mon r\u00eave, je veux finir en beaut\u00e9 avec lui. J&rsquo;esp\u00e8re qu&rsquo;on n&rsquo;effacera pas comme \u00e7a sept belles ann\u00e9es depuis le Vend\u00e9e \u00a0U.\u00a0\u00bb\u00a0<\/em>Bryan Coquard a pour lui le soutien de Jimmy Engoulvent, qui plaide pour sa pr\u00e9sence sur la Grande Boucle. <em>\u00ab\u00a0On a envie de construire l&rsquo;\u00e9quipe avec laquelle on a le plus de chances de gagner\u00a0\u00bb<\/em>, soutient le directeur sportif de la formation continentale professionnelle\u00a0qui consid\u00e8re le \u00ab\u00a0Coq\u00a0\u00bb comme l&rsquo;une des meilleures armes chez Direct Energie. Sans doute \u00e0 raison.<\/p>\n","protected":false},"excerpt":{"rendered":"<p>Bryan Coquard aurait pu aborder le Crit\u00e9rium du Dauphin\u00e9 plus sereinement. Mais en raison de son annonce concernant son avenir, il y a quelques semaines, une certaine pression p\u00e8se sur ses \u00e9paules. D\u00e9sormais, du fait de son d\u00e9part de l&rsquo;\u00e9quipe Direct Energie \u00e0 la fin de la saison, sa place pour le Tour de France &hellip;<\/p>\n","protected":false},"author":5,"featured_media":23899,"comment_status":"open","ping_status":"open","sticky":false,"template":"","format":"standard","meta":{"footnotes":""},"categories":[11,25,15,39],"tags":[],"class_list":["post-23888","post","type-post","status-publish","format-standard","has-post-thumbnail","hentry","category-news-niveau-2","category-news","category-route","category-tour-de-france"],"_links":{"self":[{"href":"https:\/\/cyclingpro.net\/velopro\/wp-json\/wp\/v2\/posts\/23888","targetHints":{"allow":["GET"]}}],"collection":[{"href":"https:\/\/cyclingpro.net\/velopro\/wp-json\/wp\/v2\/posts"}],"about":[{"href":"https:\/\/cyclingpro.net\/velopro\/wp-json\/wp\/v2\/types\/post"}],"author":[{"embeddable":true,"href":"https:\/\/cyclingpro.net\/velopro\/wp-json\/wp\/v2\/users\/5"}],"replies":[{"embeddable":true,"href":"https:\/\/cyclingpro.net\/velopro\/wp-json\/wp\/v2\/comments?post=23888"}],"version-history":[{"count":0,"href":"https:\/\/cyclingpro.net\/velopro\/wp-json\/wp\/v2\/posts\/23888\/revisions"}],"wp:featuredmedia":[{"embeddable":true,"href":"https:\/\/cyclingpro.net\/velopro\/wp-json\/wp\/v2\/media\/23899"}],"wp:attachment":[{"href":"https:\/\/cyclingpro.net\/velopro\/wp-json\/wp\/v2\/media?parent=23888"}],"wp:term":[{"taxonomy":"category","embeddable":true,"href":"https:\/\/cyclingpro.net\/velopro\/wp-json\/wp\/v2\/categories?post=23888"},{"taxonomy":"post_tag","embeddable":true,"href":"https:\/\/cyclingpro.net\/velopro\/wp-json\/wp\/v2\/tags?post=23888"}],"curies":[{"name":"wp","href":"https:\/\/api.w.org\/{rel}","templated":true}]}}