{"id":23113,"date":"2017-05-31T20:50:37","date_gmt":"2017-05-31T18:50:37","guid":{"rendered":"http:\/\/cyclingpro.net\/velopro\/?p=23113"},"modified":"2017-05-31T20:55:43","modified_gmt":"2017-05-31T18:55:43","slug":"mikael-cherel-definitivement-out-tour","status":"publish","type":"post","link":"https:\/\/cyclingpro.net\/velopro\/course\/tour-de-france\/mikael-cherel-definitivement-out-tour\/","title":{"rendered":"Mika\u00ebl Cherel d\u00e9finitivement out pour le Tour"},"content":{"rendered":"<p>Mika\u00ebl Cherel (AG2R &#8211; La Mondiale) ne sera pas sur le Tour de France 2017. Le pr\u00e9cieux \u00e9quipier de Romain Bardet \u00e9tait tomb\u00e9 jeudi dernier dans une descente. Bilan : trait de fracture au bassin. Le Crit\u00e9rium du Dauphin\u00e9 \u00e9tait d\u00e9j\u00e0 hors de question et le Tour de France semblait plus que compromis mais Cherel s&rsquo;\u00e9tait donn\u00e9 jusqu&rsquo;\u00e0 ce mercredi o\u00f9 un test d&rsquo;effort \u00e9tait programm\u00e9. Malheureusement pour le Fran\u00e7ais, le verdict est n\u00e9gatif. <span class=\"s1\">\u00ab\u00a0<em>\u00c7a a \u00e9t\u00e9 rapide, <\/em>explique le Normand \u00e0 Ouest France<em>. J\u2019ai presque mis plus de temps \u00e0 enfourcher le v\u00e9lo qu\u2019\u00e0 p\u00e9daler ensuite. C\u2019\u00e9tait impossible d\u2019envisager une reprise d\u2019activit\u00e9. Je suis donc forfait pour le Tour de France et je dois observer une p\u00e9riode d\u2019inactivit\u00e9 compl\u00e8te de 4 \u00e0 5 semaines\u00a0<\/em>\u00bb. Cherel esp\u00e8re d\u00e9sormais aller sur le Tour d&rsquo;Espagne qui partira de N\u00eemes le 19 ao\u00fbt prochain.<\/span><\/p>\n","protected":false},"excerpt":{"rendered":"<p>Mika\u00ebl Cherel (AG2R &#8211; La Mondiale) ne sera pas sur le Tour de France 2017. Le pr\u00e9cieux \u00e9quipier de Romain Bardet \u00e9tait tomb\u00e9 jeudi dernier dans une descente. Bilan : trait de fracture au bassin. Le Crit\u00e9rium du Dauphin\u00e9 \u00e9tait d\u00e9j\u00e0 hors de question et le Tour de France semblait plus que compromis mais Cherel &hellip;<\/p>\n","protected":false},"author":4,"featured_media":23115,"comment_status":"open","ping_status":"open","sticky":false,"template":"","format":"standard","meta":{"footnotes":""},"categories":[27,17,41,15,39],"tags":[],"class_list":["post-23113","post","type-post","status-publish","format-standard","has-post-thumbnail","hentry","category-gros-bloc","category-une","category-infirmerie","category-route","category-tour-de-france"],"_links":{"self":[{"href":"https:\/\/cyclingpro.net\/velopro\/wp-json\/wp\/v2\/posts\/23113","targetHints":{"allow":["GET"]}}],"collection":[{"href":"https:\/\/cyclingpro.net\/velopro\/wp-json\/wp\/v2\/posts"}],"about":[{"href":"https:\/\/cyclingpro.net\/velopro\/wp-json\/wp\/v2\/types\/post"}],"author":[{"embeddable":true,"href":"https:\/\/cyclingpro.net\/velopro\/wp-json\/wp\/v2\/users\/4"}],"replies":[{"embeddable":true,"href":"https:\/\/cyclingpro.net\/velopro\/wp-json\/wp\/v2\/comments?post=23113"}],"version-history":[{"count":0,"href":"https:\/\/cyclingpro.net\/velopro\/wp-json\/wp\/v2\/posts\/23113\/revisions"}],"wp:featuredmedia":[{"embeddable":true,"href":"https:\/\/cyclingpro.net\/velopro\/wp-json\/wp\/v2\/media\/23115"}],"wp:attachment":[{"href":"https:\/\/cyclingpro.net\/velopro\/wp-json\/wp\/v2\/media?parent=23113"}],"wp:term":[{"taxonomy":"category","embeddable":true,"href":"https:\/\/cyclingpro.net\/velopro\/wp-json\/wp\/v2\/categories?post=23113"},{"taxonomy":"post_tag","embeddable":true,"href":"https:\/\/cyclingpro.net\/velopro\/wp-json\/wp\/v2\/tags?post=23113"}],"curies":[{"name":"wp","href":"https:\/\/api.w.org\/{rel}","templated":true}]}}