{"id":23074,"date":"2017-05-31T15:29:10","date_gmt":"2017-05-31T13:29:10","guid":{"rendered":"http:\/\/cyclingpro.net\/velopro\/?p=23074"},"modified":"2017-05-31T15:30:24","modified_gmt":"2017-05-31T13:30:24","slug":"criterium-dauphine-richie-porte-lambition-de-gagner","status":"publish","type":"post","link":"https:\/\/cyclingpro.net\/velopro\/course\/criterium-du-dauphine\/criterium-dauphine-richie-porte-lambition-de-gagner\/","title":{"rendered":"Crit\u00e9rium du Dauphin\u00e9 : Richie Porte ambitionne la victoire"},"content":{"rendered":"<p style=\"text-align: justify;\">\u00c0 l&rsquo;instar de ses ex-co\u00e9quipiers Chris Froome et Alberto Contador, Richie Porte\u00a0sera pr\u00e9sent sur le Crit\u00e9rium du Dauphin\u00e9 dans quelques jours pour valider son dernier point de passage dans sa pr\u00e9paration en vue du\u00a0Tour de France. Deuxi\u00e8me de l&rsquo;\u00e9preuve en 2013 et quatri\u00e8me l&rsquo;an dernier, le coureur de la BMC y peaufinera les derniers d\u00e9tails de sa mont\u00e9e en puissance mais compte aussi bel et bien accrocher un r\u00e9sultat de belle facture.<\/p>\n<p style=\"text-align: justify;\"><em>\u00ab\u00a0Le Crit\u00e9rium du Dauphin\u00e9 est le dernier grand test avant le Tour de France, donc c&rsquo;est une opportunit\u00e9 pour moi\u00a0de voir o\u00f9 je\u00a0me situe par rapport \u00e0 tout le monde,<\/em> a-t-il expliqu\u00e9 dans un communiqu\u00e9.<em> J&rsquo;ai pris beaucoup de confiance \u00e0 la suite du\u00a0Tour de Romandie (ndlr : qu&rsquo;il a remport\u00e9) et un bon r\u00e9sultat au Crit\u00e9rium du Dauphin\u00e9 me mettrait dans des conditions parfaites pour juillet.\u00a0\u00bb<\/em><\/p>\n<p style=\"text-align: justify;\">L&rsquo;Australien de 32 ans sera soutenu par un groupe tr\u00e8s solide comprenant\u00a0Brent Bookwalter, Alessandro De Marchi, Kilian Frankiny, Ben Hermans, Ama\u00ebl Moinard, Nicolas Roche\u00a0et Danilo Wyss. <em>\u00ab\u00a0Je reviens d&rsquo;un stage en altitude de deux semaines, donc\u00a0je suis compl\u00e8tement pr\u00eat,<\/em> a-t-il ajout\u00e9.\u00a0<em>Je me sens tr\u00e8s bien actuellement, et bien que le Tour de France soit \u00e9videmment l&rsquo;objectif principal cette ann\u00e9e, j&rsquo;aimerais ajouter le Crit\u00e9rium du Dauphin\u00e9 \u00e0 mon palmar\u00e8s. J&rsquo;ai une\u00a0une grosse \u00e9quipe pour me soutenir et\u00a0nous allons prendre la course au jour le jour.\u00a0\u00bb<\/em><\/p>\n<p style=\"text-align: justify;\">En dehors de son succ\u00e8s sur le Tour de Romandie cette saison, Richie Porte a \u00e9galement remport\u00e9 le g\u00e9n\u00e9ral et deux \u00e9tapes du Tour Down Under ainsi que l&rsquo;\u00e9tape reine de Paris-Nice.<\/p>\n","protected":false},"excerpt":{"rendered":"<p>\u00c0 l&rsquo;instar de ses ex-co\u00e9quipiers Chris Froome et Alberto Contador, Richie Porte\u00a0sera pr\u00e9sent sur le Crit\u00e9rium du Dauphin\u00e9 dans quelques jours pour valider son dernier point de passage dans sa pr\u00e9paration en vue du\u00a0Tour de France. Deuxi\u00e8me de l&rsquo;\u00e9preuve en 2013 et quatri\u00e8me l&rsquo;an dernier, le coureur de la BMC y peaufinera les derniers d\u00e9tails &hellip;<\/p>\n","protected":false},"author":5,"featured_media":16131,"comment_status":"open","ping_status":"open","sticky":false,"template":"","format":"standard","meta":{"footnotes":""},"categories":[11,26,86,15],"tags":[],"class_list":["post-23074","post","type-post","status-publish","format-standard","has-post-thumbnail","hentry","category-news-niveau-2","category-compositions","category-criterium-du-dauphine","category-route"],"_links":{"self":[{"href":"https:\/\/cyclingpro.net\/velopro\/wp-json\/wp\/v2\/posts\/23074","targetHints":{"allow":["GET"]}}],"collection":[{"href":"https:\/\/cyclingpro.net\/velopro\/wp-json\/wp\/v2\/posts"}],"about":[{"href":"https:\/\/cyclingpro.net\/velopro\/wp-json\/wp\/v2\/types\/post"}],"author":[{"embeddable":true,"href":"https:\/\/cyclingpro.net\/velopro\/wp-json\/wp\/v2\/users\/5"}],"replies":[{"embeddable":true,"href":"https:\/\/cyclingpro.net\/velopro\/wp-json\/wp\/v2\/comments?post=23074"}],"version-history":[{"count":0,"href":"https:\/\/cyclingpro.net\/velopro\/wp-json\/wp\/v2\/posts\/23074\/revisions"}],"wp:featuredmedia":[{"embeddable":true,"href":"https:\/\/cyclingpro.net\/velopro\/wp-json\/wp\/v2\/media\/16131"}],"wp:attachment":[{"href":"https:\/\/cyclingpro.net\/velopro\/wp-json\/wp\/v2\/media?parent=23074"}],"wp:term":[{"taxonomy":"category","embeddable":true,"href":"https:\/\/cyclingpro.net\/velopro\/wp-json\/wp\/v2\/categories?post=23074"},{"taxonomy":"post_tag","embeddable":true,"href":"https:\/\/cyclingpro.net\/velopro\/wp-json\/wp\/v2\/tags?post=23074"}],"curies":[{"name":"wp","href":"https:\/\/api.w.org\/{rel}","templated":true}]}}