{"id":23064,"date":"2017-05-31T12:26:14","date_gmt":"2017-05-31T10:26:14","guid":{"rendered":"http:\/\/cyclingpro.net\/velopro\/?p=23064"},"modified":"2017-05-31T12:27:18","modified_gmt":"2017-05-31T10:27:18","slug":"tour-de-france-bora-hansgrohe-etablit-pre-liste","status":"publish","type":"post","link":"https:\/\/cyclingpro.net\/velopro\/course\/tour-de-france\/tour-de-france-bora-hansgrohe-etablit-pre-liste\/","title":{"rendered":"Tour de France : Bora-hansgrohe annonce une pr\u00e9-liste de 14 coureurs"},"content":{"rendered":"<p style=\"text-align: justify;\">Dans un mois, le plus grand \u00e9v\u00e8nement cycliste du monde prendra ses quartiers \u00e0 D\u00fcsseldorf, en Allemagne. Nation dont est issue la formation Bora-hansgrohe, promue \u00e0 l&rsquo;\u00e9chelon WorldTour cette ann\u00e9e et donc automatiquement qualifi\u00e9e pour le Tour de France. Naturellement, l&rsquo;\u00e9curie manag\u00e9e par Ralph Denk s&rsquo;appuiera surtout sur son champion du monde Peter Sagan et sur le double vainqueur du maillot blanc \u00e0 pois rouge, Rafal Majka. Le Slovaque visera les \u00e9tapes et le maillot vert quand le Polonais devrait cette fois-ci davantage se concentrer sur le classement g\u00e9n\u00e9ral. Reste \u00e0 savoir qui les accompagnera sur les routes hexagonales.<\/p>\n<p style=\"text-align: justify;\">Incluant les deux hommes cit\u00e9s auparavant, une pr\u00e9-liste\u00a0de 14 coureurs a \u00e9t\u00e9 concoct\u00e9e par les dirigeants de la formation germanique. De cette liste \u00e9largie seront donc issus les neuf coureurs qui auront h\u00e9rit\u00e9 du pr\u00e9cieux s\u00e9same. Outre Peter Sagan et Rafal Majka, on retrouve Bodnar Maciej, Buchmann Emanuel, Burghardt Marcus, K\u00f6nig Leopold, Konrad Patrick, McCarthy Jay, Pfingsten Christoph, Polja\u0144ski Pawe\u0142, Sagan Juraj, Schillinger Andreas, Schwarzmann Michael et Selig R\u00fcdiger.<\/p>\n<p style=\"text-align: justify;\"><em>\u00ab\u00a0C&rsquo;est toujours une d\u00e9cision difficile \u00e0 prendre car tout le monde veut courir\u00a0le Tour de France<\/em>, a d\u00e9clar\u00e9 Denk.<em> Surtout que cette ann\u00e9e, avec le Grand D\u00e9part \u00e0 D\u00fcsseldorf, ce sera un souvenir \u00e9ternel\u00a0pour chaque coureur allemand et un tremplin pour le cyclisme dans notre pays. Au sein\u00a0notre longue liste, nous avons pr\u00e8s de 50% de coureurs allemands, mais bien s\u00fbr, ce sont au final les meilleurs coureurs qui seront au d\u00e9part \u00e0 D\u00fcsseldorf. Je reste n\u00e9anmoins fier que\u00a0six coureurs allemands figurent\u00a0sur notre liste aujourd&rsquo;hui. Avec Peter et Rafal, nous avons des objectifs ambitieux, le maillot vert, un top cinq au g\u00e9n\u00e9ral et une\u00a0premi\u00e8re victoire d&rsquo;\u00e9tape pour notre \u00e9quipe sur le Tour de France. Et je pense que nous avons un groupe suffisamment costaud\u00a0pour atteindre ces objectifs.\u00a0\u00bb<\/em><\/p>\n<p style=\"text-align: justify;\">Pour rappel, la structure Bora-hansgrohe\u00a0compte d\u00e9j\u00e0 une victoire d&rsquo;\u00e9tape sur la Vuelta, avec Leopold K\u00f6nig en 2013, et une autre, toute fr\u00e2iche, sur le Giro, par l&rsquo;interm\u00e9diaire de Lukas P\u00f6stlberger.<\/p>\n","protected":false},"excerpt":{"rendered":"<p>Dans un mois, le plus grand \u00e9v\u00e8nement cycliste du monde prendra ses quartiers \u00e0 D\u00fcsseldorf, en Allemagne. Nation dont est issue la formation Bora-hansgrohe, promue \u00e0 l&rsquo;\u00e9chelon WorldTour cette ann\u00e9e et donc automatiquement qualifi\u00e9e pour le Tour de France. Naturellement, l&rsquo;\u00e9curie manag\u00e9e par Ralph Denk s&rsquo;appuiera surtout sur son champion du monde Peter Sagan et &hellip;<\/p>\n","protected":false},"author":5,"featured_media":20428,"comment_status":"open","ping_status":"open","sticky":false,"template":"","format":"standard","meta":{"footnotes":""},"categories":[11,26,25,15,39],"tags":[],"class_list":["post-23064","post","type-post","status-publish","format-standard","has-post-thumbnail","hentry","category-news-niveau-2","category-compositions","category-news","category-route","category-tour-de-france"],"_links":{"self":[{"href":"https:\/\/cyclingpro.net\/velopro\/wp-json\/wp\/v2\/posts\/23064","targetHints":{"allow":["GET"]}}],"collection":[{"href":"https:\/\/cyclingpro.net\/velopro\/wp-json\/wp\/v2\/posts"}],"about":[{"href":"https:\/\/cyclingpro.net\/velopro\/wp-json\/wp\/v2\/types\/post"}],"author":[{"embeddable":true,"href":"https:\/\/cyclingpro.net\/velopro\/wp-json\/wp\/v2\/users\/5"}],"replies":[{"embeddable":true,"href":"https:\/\/cyclingpro.net\/velopro\/wp-json\/wp\/v2\/comments?post=23064"}],"version-history":[{"count":0,"href":"https:\/\/cyclingpro.net\/velopro\/wp-json\/wp\/v2\/posts\/23064\/revisions"}],"wp:featuredmedia":[{"embeddable":true,"href":"https:\/\/cyclingpro.net\/velopro\/wp-json\/wp\/v2\/media\/20428"}],"wp:attachment":[{"href":"https:\/\/cyclingpro.net\/velopro\/wp-json\/wp\/v2\/media?parent=23064"}],"wp:term":[{"taxonomy":"category","embeddable":true,"href":"https:\/\/cyclingpro.net\/velopro\/wp-json\/wp\/v2\/categories?post=23064"},{"taxonomy":"post_tag","embeddable":true,"href":"https:\/\/cyclingpro.net\/velopro\/wp-json\/wp\/v2\/tags?post=23064"}],"curies":[{"name":"wp","href":"https:\/\/api.w.org\/{rel}","templated":true}]}}