{"id":23005,"date":"2017-05-30T12:59:09","date_gmt":"2017-05-30T10:59:09","guid":{"rendered":"http:\/\/cyclingpro.net\/velopro\/?p=23005"},"modified":"2017-05-30T13:04:52","modified_gmt":"2017-05-30T11:04:52","slug":"vuelta-plutot-tour-vincenzo-nibali","status":"publish","type":"post","link":"https:\/\/cyclingpro.net\/velopro\/course\/vuelta-a-espana-tour-espagne\/vuelta-plutot-tour-vincenzo-nibali\/","title":{"rendered":"La Vuelta plut\u00f4t que le Tour pour Vincenzo Nibali"},"content":{"rendered":"<p style=\"text-align: justify;\">Comme en 2010, 2011 et 2013, Vincenzo Nibali va selon toute vraisemblance doubler Giro et Vuelta cette saison. Son entra\u00eeneur personnel, Paolo Slongo, l&rsquo;a confirm\u00e9 dans les colonnes de la Gazzetta dello Sport ce mardi. Victorieux d&rsquo;un Crit\u00e9rium post-Giro \u00e0 Montebelluna lundi soir, au lendemain de sa troisi\u00e8me place finale sur le Tour d&rsquo;Italie, le Sicilien va observer une bonne coupure et faire l&rsquo;impasse le Tour de France cette ann\u00e9e. Bahrain-Merida devrait donc faire de Ion Izagirre son leader pour le classement g\u00e9n\u00e9ral en juillet, l&rsquo;occasion pour l&rsquo;Espagnol, brillant sur les comp\u00e9titions d&rsquo;une semaine, de\u00a0faire ses preuves sur une course de trois semaines.<\/p>\n<p style=\"text-align: justify;\">Pour sa part, Nibali pourrait retrouver Tom Dumoulin sur la Vuelta, ainsi que Fabio Aru ou encore Chris Froome. Vainqueur en 2010 de son premier Grand Tour sur les routes ib\u00e9riques, Nibali avait termin\u00e9 septi\u00e8me en 2011 et second en 2013, battu par Chris Horner, avant d&rsquo;\u00eatre mis hors-course d\u00e8s la deuxi\u00e8me \u00e9tape en 2015 pour s&rsquo;\u00eatre accroch\u00e9 \u00e0 la porti\u00e8re de sa voiture suiveuse afin de revenir sur le peloton.<\/p>\n","protected":false},"excerpt":{"rendered":"<p>Comme en 2010, 2011 et 2013, Vincenzo Nibali va selon toute vraisemblance doubler Giro et Vuelta cette saison. Son entra\u00eeneur personnel, Paolo Slongo, l&rsquo;a confirm\u00e9 dans les colonnes de la Gazzetta dello Sport ce mardi. Victorieux d&rsquo;un Crit\u00e9rium post-Giro \u00e0 Montebelluna lundi soir, au lendemain de sa troisi\u00e8me place finale sur le Tour d&rsquo;Italie, le &hellip;<\/p>\n","protected":false},"author":5,"featured_media":23007,"comment_status":"open","ping_status":"open","sticky":false,"template":"","format":"standard","meta":{"footnotes":""},"categories":[11,25,15,59],"tags":[],"class_list":["post-23005","post","type-post","status-publish","format-standard","has-post-thumbnail","hentry","category-news-niveau-2","category-news","category-route","category-vuelta-a-espana-tour-espagne"],"_links":{"self":[{"href":"https:\/\/cyclingpro.net\/velopro\/wp-json\/wp\/v2\/posts\/23005","targetHints":{"allow":["GET"]}}],"collection":[{"href":"https:\/\/cyclingpro.net\/velopro\/wp-json\/wp\/v2\/posts"}],"about":[{"href":"https:\/\/cyclingpro.net\/velopro\/wp-json\/wp\/v2\/types\/post"}],"author":[{"embeddable":true,"href":"https:\/\/cyclingpro.net\/velopro\/wp-json\/wp\/v2\/users\/5"}],"replies":[{"embeddable":true,"href":"https:\/\/cyclingpro.net\/velopro\/wp-json\/wp\/v2\/comments?post=23005"}],"version-history":[{"count":0,"href":"https:\/\/cyclingpro.net\/velopro\/wp-json\/wp\/v2\/posts\/23005\/revisions"}],"wp:featuredmedia":[{"embeddable":true,"href":"https:\/\/cyclingpro.net\/velopro\/wp-json\/wp\/v2\/media\/23007"}],"wp:attachment":[{"href":"https:\/\/cyclingpro.net\/velopro\/wp-json\/wp\/v2\/media?parent=23005"}],"wp:term":[{"taxonomy":"category","embeddable":true,"href":"https:\/\/cyclingpro.net\/velopro\/wp-json\/wp\/v2\/categories?post=23005"},{"taxonomy":"post_tag","embeddable":true,"href":"https:\/\/cyclingpro.net\/velopro\/wp-json\/wp\/v2\/tags?post=23005"}],"curies":[{"name":"wp","href":"https:\/\/api.w.org\/{rel}","templated":true}]}}