{"id":22966,"date":"2017-05-29T17:40:25","date_gmt":"2017-05-29T15:40:25","guid":{"rendered":"http:\/\/cyclingpro.net\/velopro\/?p=22966"},"modified":"2017-05-29T16:17:22","modified_gmt":"2017-05-29T14:17:22","slug":"astana-sest-battue-michele-scarponi","status":"publish","type":"post","link":"https:\/\/cyclingpro.net\/velopro\/course\/giro-ditalia-tour-italie\/astana-sest-battue-michele-scarponi\/","title":{"rendered":"Astana s&rsquo;est battue pour Michele Scarponi"},"content":{"rendered":"<p>Les coureurs d&rsquo;Astana ont tent\u00e9 de mettre du c\u0153ur \u00e0 l&rsquo;ouvrage sur ce centi\u00e8me Giro d&rsquo;Italia mais apr\u00e8s le forfait de leur leader Fabio Aru et le d\u00e9c\u00e8s de Michele Scarponi, il manquait quelque chose au sein de la formation kazakhe. Luis Le\u00f3n S\u00e1nchez, Tanel Kangert et Dario Cataldo ont \u00e9t\u00e9 les plus entreprenants sur ce Giro 2017 afin de tenter de lever les bras pour remporter une victoire d&rsquo;\u00e9tape et rendre hommage \u00e0 leur \u00e9quipier mais en vain.<\/p>\n<p>S\u00e1nchez a manqu\u00e9 le coche de peu \u00e0 Peschici et sur le chrono de Montefalco, ne parvenant pas \u00e0 mener \u00e0 son terme les autres nombreuses \u00e9chapp\u00e9es auxquelles il a pris part. Tanel Kangert \u00e9tait lui en course pour un joli top 10 avant qu&rsquo;un \u00eelot directionnel, dans le final de l&rsquo;\u00e9tape folle de Bergame, ne le renvoie \u00e0 la maison et mette fin \u00e0 sa saison. Dario Cataldo a aussi tent\u00e9 et se contentera de la 14e place au g\u00e9n\u00e9ral.<\/p>\n<p>S&rsquo;ils ne sont pas parvenus \u00e0 remplir leur objectif, ils ont tout de m\u00eame \u00e9t\u00e9 r\u00e9compens\u00e9s et honor\u00e9s apr\u00e8s que Luis Le\u00f3n S\u00e1nchez soit pass\u00e9 en t\u00eate au sommet du Passo Mortirolo o\u00f9 \u00e9tait d\u00e9cern\u00e9 le prix sp\u00e9cial de la montagne &lsquo;Michele Scarponi&rsquo;. Hier \u00e0 Milan, l&rsquo;Espagnol s&rsquo;est vu remettre ce prix qui vient r\u00e9compenser son Giro et qui lui a permis de rendre hommage \u00e0 son co\u00e9quipier. <i>\u00ab\u00a0Je suis honor\u00e9 de recevoir ce prix sp\u00e9cial en l&rsquo;honneur d&rsquo;un co\u00e9quipier, un ami et une personne formidable, <\/i>a-t-il d\u00e9clar\u00e9. <i>Je le re\u00e7ois sur le podium mais je pense qu&rsquo;il est bien m\u00e9rit\u00e9 par toute l&rsquo;\u00e9quipe. Chacun d&rsquo;entre nous s&rsquo;est donn\u00e9 \u00e0 100% et m\u00eame plus pour honorer Michele. Malheureusement, nous n&rsquo;avons pas \u00e9t\u00e9 en mesure de d\u00e9crocher une victoire d&rsquo;\u00e9tape, ce qui aurait pu \u00eatre un tr\u00e8s bon moyen de se souvenir de notre co\u00e9quipier.\u00a0\u00bb <\/i>Malgr\u00e9 le caract\u00e8re festif de ce centi\u00e8me Giro, il ne restera pas comme un bon souvenir dans l&rsquo;histoire d&rsquo;Astana.<\/p>\n","protected":false},"excerpt":{"rendered":"<p>Les coureurs d&rsquo;Astana ont tent\u00e9 de mettre du c\u0153ur \u00e0 l&rsquo;ouvrage sur ce centi\u00e8me Giro d&rsquo;Italia mais apr\u00e8s le forfait de leur leader Fabio Aru et le d\u00e9c\u00e8s de Michele Scarponi, il manquait quelque chose au sein de la formation kazakhe. Luis Le\u00f3n S\u00e1nchez, Tanel Kangert et Dario Cataldo ont \u00e9t\u00e9 les plus entreprenants sur &hellip;<\/p>\n","protected":false},"author":3,"featured_media":22967,"comment_status":"open","ping_status":"open","sticky":false,"template":"","format":"standard","meta":{"footnotes":""},"categories":[12,58,25,15],"tags":[],"class_list":["post-22966","post","type-post","status-publish","format-standard","has-post-thumbnail","hentry","category-non-classe","category-giro-ditalia-tour-italie","category-news","category-route"],"_links":{"self":[{"href":"https:\/\/cyclingpro.net\/velopro\/wp-json\/wp\/v2\/posts\/22966","targetHints":{"allow":["GET"]}}],"collection":[{"href":"https:\/\/cyclingpro.net\/velopro\/wp-json\/wp\/v2\/posts"}],"about":[{"href":"https:\/\/cyclingpro.net\/velopro\/wp-json\/wp\/v2\/types\/post"}],"author":[{"embeddable":true,"href":"https:\/\/cyclingpro.net\/velopro\/wp-json\/wp\/v2\/users\/3"}],"replies":[{"embeddable":true,"href":"https:\/\/cyclingpro.net\/velopro\/wp-json\/wp\/v2\/comments?post=22966"}],"version-history":[{"count":0,"href":"https:\/\/cyclingpro.net\/velopro\/wp-json\/wp\/v2\/posts\/22966\/revisions"}],"wp:featuredmedia":[{"embeddable":true,"href":"https:\/\/cyclingpro.net\/velopro\/wp-json\/wp\/v2\/media\/22967"}],"wp:attachment":[{"href":"https:\/\/cyclingpro.net\/velopro\/wp-json\/wp\/v2\/media?parent=22966"}],"wp:term":[{"taxonomy":"category","embeddable":true,"href":"https:\/\/cyclingpro.net\/velopro\/wp-json\/wp\/v2\/categories?post=22966"},{"taxonomy":"post_tag","embeddable":true,"href":"https:\/\/cyclingpro.net\/velopro\/wp-json\/wp\/v2\/tags?post=22966"}],"curies":[{"name":"wp","href":"https:\/\/api.w.org\/{rel}","templated":true}]}}