{"id":20502,"date":"2017-05-19T16:19:04","date_gmt":"2017-05-19T14:19:04","guid":{"rendered":"http:\/\/cyclingpro.net\/velopro\/?p=20502"},"modified":"2017-05-19T16:19:04","modified_gmt":"2017-05-19T14:19:04","slug":"warren-barguil-a-repris-lentrainement","status":"publish","type":"post","link":"https:\/\/cyclingpro.net\/velopro\/infirmerie\/warren-barguil-a-repris-lentrainement\/","title":{"rendered":"Warren Barguil a repris l&rsquo;entra\u00eenement"},"content":{"rendered":"<p>Victime d&rsquo;une fracture du bassin sur le dernier Tour de Romandie, Warren Barguil est en bonne voie dans sa r\u00e9cup\u00e9ration et il a d\u00e9j\u00e0 repris l&rsquo;entra\u00eenement sur rouleau comme l&rsquo;explique sa formation Sunweb dans un communiqu\u00e9 m\u00e9dical. L&rsquo;\u00e9quipe allemande va prochainement \u00e9tablir le programme de course du Fran\u00e7ais en vue du Tour de France.<\/p>\n<p>Pour son co\u00e9quipier Wilco Kelderman, l&rsquo;attente risque d&rsquo;\u00eatre plus longue. Victime de la chute au pied du Blockhaus sur le Giro, le N\u00e9erlandais avait abandonn\u00e9 \u00e0 cause d&rsquo;une fracture \u00e0 un doigt pour laquelle il a \u00e9t\u00e9 op\u00e9r\u00e9 cette semaine. Vu qu&rsquo;il s&rsquo;agit d&rsquo;une rechute apr\u00e8s une premi\u00e8re fracture lors des Strade Bianche, Kelderman attendra un moment avant de reprendre l&rsquo;entra\u00eenement et il ne sera pas de retour \u00e0 la comp\u00e9tition avant cinq ou six semaines.<\/p>\n","protected":false},"excerpt":{"rendered":"<p>Victime d&rsquo;une fracture du bassin sur le dernier Tour de Romandie, Warren Barguil est en bonne voie dans sa r\u00e9cup\u00e9ration et il a d\u00e9j\u00e0 repris l&rsquo;entra\u00eenement sur rouleau comme l&rsquo;explique sa formation Sunweb dans un communiqu\u00e9 m\u00e9dical. L&rsquo;\u00e9quipe allemande va prochainement \u00e9tablir le programme de course du Fran\u00e7ais en vue du Tour de France. Pour &hellip;<\/p>\n","protected":false},"author":3,"featured_media":14757,"comment_status":"open","ping_status":"open","sticky":false,"template":"","format":"standard","meta":{"footnotes":""},"categories":[12,41,25,15],"tags":[],"class_list":["post-20502","post","type-post","status-publish","format-standard","has-post-thumbnail","hentry","category-non-classe","category-infirmerie","category-news","category-route"],"_links":{"self":[{"href":"https:\/\/cyclingpro.net\/velopro\/wp-json\/wp\/v2\/posts\/20502","targetHints":{"allow":["GET"]}}],"collection":[{"href":"https:\/\/cyclingpro.net\/velopro\/wp-json\/wp\/v2\/posts"}],"about":[{"href":"https:\/\/cyclingpro.net\/velopro\/wp-json\/wp\/v2\/types\/post"}],"author":[{"embeddable":true,"href":"https:\/\/cyclingpro.net\/velopro\/wp-json\/wp\/v2\/users\/3"}],"replies":[{"embeddable":true,"href":"https:\/\/cyclingpro.net\/velopro\/wp-json\/wp\/v2\/comments?post=20502"}],"version-history":[{"count":0,"href":"https:\/\/cyclingpro.net\/velopro\/wp-json\/wp\/v2\/posts\/20502\/revisions"}],"wp:featuredmedia":[{"embeddable":true,"href":"https:\/\/cyclingpro.net\/velopro\/wp-json\/wp\/v2\/media\/14757"}],"wp:attachment":[{"href":"https:\/\/cyclingpro.net\/velopro\/wp-json\/wp\/v2\/media?parent=20502"}],"wp:term":[{"taxonomy":"category","embeddable":true,"href":"https:\/\/cyclingpro.net\/velopro\/wp-json\/wp\/v2\/categories?post=20502"},{"taxonomy":"post_tag","embeddable":true,"href":"https:\/\/cyclingpro.net\/velopro\/wp-json\/wp\/v2\/tags?post=20502"}],"curies":[{"name":"wp","href":"https:\/\/api.w.org\/{rel}","templated":true}]}}