{"id":18018,"date":"2017-05-07T15:45:32","date_gmt":"2017-05-07T13:45:32","guid":{"rendered":"http:\/\/cyclingpro.net\/velopro\/?p=18018"},"modified":"2017-05-07T15:45:32","modified_gmt":"2017-05-07T13:45:32","slug":"quatre-jours-de-dunkerque-fdj-derriere-arnaud-demare","status":"publish","type":"post","link":"https:\/\/cyclingpro.net\/velopro\/course\/quatre-jours-de-dunkerque-grand-prix-des-hauts-de-france\/quatre-jours-de-dunkerque-fdj-derriere-arnaud-demare\/","title":{"rendered":"Quatre Jours de Dunkerque\u00a0: FDJ derri\u00e8re Arnaud D\u00e9mare"},"content":{"rendered":"<p>La formation FDJ a d\u00e9voil\u00e9 son \u00e9quipe pour les 4 Jours de Dunkerque. Arnaud D\u00e9mare m\u00e8nera le groupe avec notamment un ancien vainqueur Ignatas Konovalovas. Si D\u00e9mare peut penser au g\u00e9n\u00e9ral, il sera l\u00e0 aussi pour les \u00e9tapes avec son train de sprinteur compos\u00e9 de Marc Sarreau, Jacopo Guarnieri, Davide Cimolai et Daniel Hoelgaard.<\/p>\n<p><u>FDJ pour les Quatre Jours de Dunkerque\u00a0<\/u>: Marc Fournier, Marc Sarreau, Jacopo Guarnieri, Davide Cimolai, Arnaud D\u00e9mare, Daniel Hoelgaard, Olivier Le Gac et Ignatas Konovalovas.<\/p>\n","protected":false},"excerpt":{"rendered":"<p>La formation FDJ a d\u00e9voil\u00e9 son \u00e9quipe pour les 4 Jours de Dunkerque. Arnaud D\u00e9mare m\u00e8nera le groupe avec notamment un ancien vainqueur Ignatas Konovalovas. Si D\u00e9mare peut penser au g\u00e9n\u00e9ral, il sera l\u00e0 aussi pour les \u00e9tapes avec son train de sprinteur compos\u00e9 de Marc Sarreau, Jacopo Guarnieri, Davide Cimolai et Daniel Hoelgaard. FDJ &hellip;<\/p>\n","protected":false},"author":3,"featured_media":14224,"comment_status":"open","ping_status":"open","sticky":false,"template":"","format":"standard","meta":{"footnotes":""},"categories":[12,108,26,25,15],"tags":[],"class_list":["post-18018","post","type-post","status-publish","format-standard","has-post-thumbnail","hentry","category-non-classe","category-quatre-jours-de-dunkerque-grand-prix-des-hauts-de-france","category-compositions","category-news","category-route"],"_links":{"self":[{"href":"https:\/\/cyclingpro.net\/velopro\/wp-json\/wp\/v2\/posts\/18018","targetHints":{"allow":["GET"]}}],"collection":[{"href":"https:\/\/cyclingpro.net\/velopro\/wp-json\/wp\/v2\/posts"}],"about":[{"href":"https:\/\/cyclingpro.net\/velopro\/wp-json\/wp\/v2\/types\/post"}],"author":[{"embeddable":true,"href":"https:\/\/cyclingpro.net\/velopro\/wp-json\/wp\/v2\/users\/3"}],"replies":[{"embeddable":true,"href":"https:\/\/cyclingpro.net\/velopro\/wp-json\/wp\/v2\/comments?post=18018"}],"version-history":[{"count":0,"href":"https:\/\/cyclingpro.net\/velopro\/wp-json\/wp\/v2\/posts\/18018\/revisions"}],"wp:featuredmedia":[{"embeddable":true,"href":"https:\/\/cyclingpro.net\/velopro\/wp-json\/wp\/v2\/media\/14224"}],"wp:attachment":[{"href":"https:\/\/cyclingpro.net\/velopro\/wp-json\/wp\/v2\/media?parent=18018"}],"wp:term":[{"taxonomy":"category","embeddable":true,"href":"https:\/\/cyclingpro.net\/velopro\/wp-json\/wp\/v2\/categories?post=18018"},{"taxonomy":"post_tag","embeddable":true,"href":"https:\/\/cyclingpro.net\/velopro\/wp-json\/wp\/v2\/tags?post=18018"}],"curies":[{"name":"wp","href":"https:\/\/api.w.org\/{rel}","templated":true}]}}