{"id":17652,"date":"2017-05-06T11:22:36","date_gmt":"2017-05-06T09:22:36","guid":{"rendered":"http:\/\/cyclingpro.net\/velopro\/?p=17652"},"modified":"2017-05-06T11:27:02","modified_gmt":"2017-05-06T09:27:02","slug":"tour-ditalie-conclusions-de-premiere-etape","status":"publish","type":"post","link":"https:\/\/cyclingpro.net\/velopro\/news-niveau-2\/tour-ditalie-conclusions-de-premiere-etape\/","title":{"rendered":"Tour d&rsquo;Italie &#8211; Les conclusions de la premi\u00e8re \u00e9tape"},"content":{"rendered":"<p style=\"text-align: justify;\">L&rsquo;Autrichien Lukas P\u00f6stlberger (Bora-Hansgrohe) a surpris son monde ce vendredi sur la premi\u00e8re \u00e9tape du Tour d&rsquo;Italie en terre sarde. Retour sur cette journ\u00e9e initiale avec les enseignements tir\u00e9s par la r\u00e9daction de Cyclingpro.net.<\/p>\n<p style=\"text-align: justify;\"><span style=\"text-decoration: underline;\"><strong>Une belle histoire, ce Lukas<\/strong><\/span><\/p>\n<p style=\"text-align: justify;\">Le coureur de Bora-Hansgrohe invoquait le destin pour expliquer sa victoire ce vendredi. Le jeune homme de 25 ans gagne toujours au moment o\u00f9 il s&rsquo;y attend le moins, comme son titre de Champion d&rsquo;Autriche acquis en 2012. Il rentre dans l&rsquo;histoire de son pays en devenant le premier vainqueur d&rsquo;\u00e9tape autrichien sur le Giro d&rsquo;Italia, pour son premier jour dans un Grand Tour. Loin de la renomm\u00e9e de Peter Sagan, cette victoire est avant tout le succ\u00e8s d&rsquo;un collectif, en t\u00e9moigne le large sourire de Sam Bennett \u00e0 l&rsquo;arriv\u00e9e. L&rsquo;Irlandais \u00e9tait certes d\u00e9sign\u00e9 pour jouer le sprint \u00e0 Olbia, mais c&rsquo;est lui qui a cri\u00e9 \u00e0 l&rsquo;oreillette \u00ab\u00a0Go, go Lukas\u00a0\u00bb, t\u00e9moignant de l&rsquo;\u00e9tat d&rsquo;esprit qui r\u00e8gne dans l&rsquo;armada allemande.<\/p>\n<p style=\"text-align: justify;\"><span style=\"text-decoration: underline;\"><strong>Une cyclo pour s&rsquo;\u00e9chauffer<\/strong><\/span><\/p>\n<p style=\"text-align: justify;\">5 heures et 13 minutes pour effectuer les 206 premiers kilom\u00e8tres de ce Tour d&rsquo;Italie. Le peloton n&rsquo;a pas puis\u00e9 dans ses r\u00e9serves ce vendredi. Sc\u00e9nario pr\u00e9visible quand on pense aux nombreux obstacles \u00e0 venir pour les coureurs de cette 100e \u00e9dition. Une allure lente, un peloton qui joue avec le feu et qui se fait surprendre dans le dernier kilom\u00e8tre, c&rsquo;est bien aussi pour commencer un Grand Tour, loin de la tradition des prologues \u00e0 pleine puissance.<\/p>\n<p style=\"text-align: justify;\"><span style=\"text-decoration: underline;\"><strong>Kruijswijk, le petit perdant de la journ\u00e9e<\/strong><\/span><\/p>\n<p style=\"text-align: justify;\">Inutile de dramatiser, le N\u00e9erlandais n&rsquo;a pas perdu le Tour d&rsquo;Italie ce vendredi. Cependant, ce petit contre-temps s&rsquo;ajoute \u00e0 sa chute subie la semaine derni\u00e8re au Tour du Yorkshire. Le coureur de LottoNL-Jumbo est en manque de r\u00e9ussite. Pour le m\u00eame prix, il aurait \u00e9t\u00e9 prot\u00e9g\u00e9 selon la r\u00e8gle des trois derniers kilom\u00e8tres. 13 secondes conc\u00e9d\u00e9es, ce n&rsquo;est pas non plus la fin du monde, du moment que l&rsquo;histoire ne se r\u00e9p\u00e8te pas sur la deuxi\u00e8me \u00e9tape car le doute pourrait clairement s&rsquo;installer dans sa t\u00eate.<\/p>\n<p style=\"text-align: justify;\"><span style=\"text-decoration: underline;\"><strong>Bardiani avec la peur de l&rsquo;exclusion<\/strong><\/span><\/p>\n<p style=\"text-align: justify;\">Des coureurs f\u00e2ch\u00e9s comme Tom Dumoulin, n&rsquo;h\u00e9sitant pas \u00e0 employer le terme de &lsquo;cr\u00e9tins&rsquo; pour d\u00e9finir les Italiens Stefano Pirazzi et Nicola Ruffoni, le directeur sportif Zannata en pleurs, cette histoire de dopage n&rsquo;est pas la meilleure propagande pour ce Giro d&rsquo;Italia. La formation italienne Bardiani est sous le coup d&rsquo;une suspension. Si l&rsquo;\u00e9chantillon B est \u00e9galement positif, la commission disciplinaire de l&rsquo;UCI pourrait suspendre l&rsquo;\u00e9quipe pro-continentale \u00e0 effet imm\u00e9diat pour une dur\u00e9e de 15 \u00e0 45 jours, ce qui signifierait la fin du Tour d&rsquo;Italie pour les sept coureurs rescap\u00e9s. En cas de non-d\u00e9cision pendant la comp\u00e9tition, on entend d\u00e9j\u00e0 des voix se lever en disant qu&rsquo;ils n&rsquo;ont plus leur place dans le peloton de cette 100e \u00e9dition. Affaire \u00e0 suivre.<\/p>\n<p style=\"text-align: justify;\"><span style=\"text-decoration: underline;\"><strong>Le tournant \u00e0 3,5 kilom\u00e8tres de l&rsquo;arriv\u00e9e<\/strong><\/span><\/p>\n<p style=\"text-align: justify;\">Si Lukas P\u00f6stlberger a fait preuve de malice et a profit\u00e9 du trac\u00e9 sinueux dans le dernier kilom\u00e8tre, la chute \u00e0 3,5 kilom\u00e8tres a \u00e9galement jou\u00e9 en faveur du coureur autrichien. Ce fait de course a provoqu\u00e9 une totale d\u00e9sorganisation dans les trains de sprinteurs. Chaque \u00e9quipe a regard\u00e9 derri\u00e8re soi afin de trouver son sprinteur. Par exemple, Andr\u00e9 Greipel n&rsquo;avait plus qu&rsquo;un seul homme pour l&rsquo;aider Jasper De Buyst dans les deux derniers kilom\u00e8tres. Une \u00e9nergie cons\u00e9quente gaspill\u00e9e \u00e0 rentrer dans le peloton et au m\u00eame moment le coureur de Bora-Hansgrohe \u00e9chappait \u00e0 la vigilance des armadas \u00e0 peine ou en partie\u00a0reconstitu\u00e9es.<\/p>\n","protected":false},"excerpt":{"rendered":"<p>L&rsquo;Autrichien Lukas P\u00f6stlberger (Bora-Hansgrohe) a surpris son monde ce vendredi sur la premi\u00e8re \u00e9tape du Tour d&rsquo;Italie en terre sarde. Retour sur cette journ\u00e9e initiale avec les enseignements tir\u00e9s par la r\u00e9daction de Cyclingpro.net. Une belle histoire, ce Lukas Le coureur de Bora-Hansgrohe invoquait le destin pour expliquer sa victoire ce vendredi. Le jeune homme &hellip;<\/p>\n","protected":false},"author":6,"featured_media":17666,"comment_status":"open","ping_status":"open","sticky":false,"template":"","format":"standard","meta":{"footnotes":""},"categories":[11,58,25,15],"tags":[],"class_list":["post-17652","post","type-post","status-publish","format-standard","has-post-thumbnail","hentry","category-news-niveau-2","category-giro-ditalia-tour-italie","category-news","category-route"],"_links":{"self":[{"href":"https:\/\/cyclingpro.net\/velopro\/wp-json\/wp\/v2\/posts\/17652","targetHints":{"allow":["GET"]}}],"collection":[{"href":"https:\/\/cyclingpro.net\/velopro\/wp-json\/wp\/v2\/posts"}],"about":[{"href":"https:\/\/cyclingpro.net\/velopro\/wp-json\/wp\/v2\/types\/post"}],"author":[{"embeddable":true,"href":"https:\/\/cyclingpro.net\/velopro\/wp-json\/wp\/v2\/users\/6"}],"replies":[{"embeddable":true,"href":"https:\/\/cyclingpro.net\/velopro\/wp-json\/wp\/v2\/comments?post=17652"}],"version-history":[{"count":0,"href":"https:\/\/cyclingpro.net\/velopro\/wp-json\/wp\/v2\/posts\/17652\/revisions"}],"wp:featuredmedia":[{"embeddable":true,"href":"https:\/\/cyclingpro.net\/velopro\/wp-json\/wp\/v2\/media\/17666"}],"wp:attachment":[{"href":"https:\/\/cyclingpro.net\/velopro\/wp-json\/wp\/v2\/media?parent=17652"}],"wp:term":[{"taxonomy":"category","embeddable":true,"href":"https:\/\/cyclingpro.net\/velopro\/wp-json\/wp\/v2\/categories?post=17652"},{"taxonomy":"post_tag","embeddable":true,"href":"https:\/\/cyclingpro.net\/velopro\/wp-json\/wp\/v2\/tags?post=17652"}],"curies":[{"name":"wp","href":"https:\/\/api.w.org\/{rel}","templated":true}]}}