{"id":17024,"date":"2017-05-01T10:56:18","date_gmt":"2017-05-01T08:56:18","guid":{"rendered":"http:\/\/cyclingpro.net\/velopro\/?p=17024"},"modified":"2017-05-01T11:12:22","modified_gmt":"2017-05-01T09:12:22","slug":"giro-orica-scott-derriere-adam-yates-caleb-ewan","status":"publish","type":"post","link":"https:\/\/cyclingpro.net\/velopro\/course\/giro-ditalia-tour-italie\/giro-orica-scott-derriere-adam-yates-caleb-ewan\/","title":{"rendered":"Giro : ORICA-Scott derri\u00e8re Adam Yates et Caleb Ewan"},"content":{"rendered":"<p style=\"text-align: justify;\">ORICA-Scott ne manquera pas d&rsquo;objectifs sur le centi\u00e8me Giro de l&rsquo;histoire. C&rsquo;est avec une \u00e9quipe \u00e0 double visage que la structure australienne prendra le d\u00e9part du premier Grand Tour de la saison, vendredi. D&rsquo;un c\u00f4t\u00e9, il y aura donc Adam Yates, 4e du Tour de France 2016, en lice pour le classement g\u00e9n\u00e9ral, tandis que de l&rsquo;autre, Caleb Ewan, cinq fois victorieux cette saison, tentera de tirer son \u00e9pingle du jeu dans les sprints massifs.<em>\u00a0\u00ab\u00a0C&rsquo;est une association d\u00e9licate \u00e0 g\u00e9rer,\u00a0mais nous ne sommes pas les seuls \u00e0 la faire et je suis confiant qu&rsquo;avec le groupe que nous avons, nous pouvons atteindre\u00a0les deux objectifs avec succ\u00e8s. Nous aurons certainement de quoi rester concentr\u00e9 tous les jours lors des trois prochaines semaines\u00a0\u00bb<\/em>, a indiqu\u00e9\u00a0Matthew White, le directeur sportif de la formation aussie.<\/p>\n<p style=\"text-align: justify;\">Contraint \u00e0 l&rsquo;abandon sur Tirreno-Adriatico alors qu&rsquo;il figurait en deuxi\u00e8me position du g\u00e9n\u00e9ral, puis quatri\u00e8me du Tour de Catalogne, Adam Yates pourra essentiellement compter sur Ruben Plaza et Carlos Verona quand la montagne se pr\u00e9sentera.<em>\u00a0\u00ab\u00a0Nous ne sommes certainement pas les favoris pour le classement g\u00e9n\u00e9ral,<\/em> a\u00a0estim\u00e9 White. <em>Bien que nous ayons quelques grands noms,\u00a0il s&rsquo;agit quand m\u00eame du meilleur plateau jamais r\u00e9uni. Il est plus facile d&rsquo;\u00e9num\u00e9rer qui n&rsquo;est pas au Giro que\u00a0ceux qui y sont, donc\u00a0c&rsquo;est un casting de stars.\u00a0Ce sera le premier Giro d&rsquo;Italia d&rsquo;Adam et il y poursuivra\u00a0son processus d&rsquo;apprentissage, ce qui signifie que nous pouvons l&rsquo;aborder avec une mentalit\u00e9 diff\u00e9rente. Je pense que gagner le maillot blanc et finir dans le top 10 sont des objectifs tr\u00e8s r\u00e9alisables\u00a0pour lui.\u00a0\u00bb<\/em><\/p>\n<p style=\"text-align: justify;\">Pour sa part, Caleb Ewan ne pourra pas compter sur son\u00a0nouveau poisson-pilote, Roger Kluge, d&rsquo;ailleurs victorieux sur le Giro l&rsquo;an pass\u00e9. Il aura n\u00e9anmoins l&rsquo;appui de solides rouleurs tels que Christopher Juul Jensen, Svein Tuft, Michael Hepburn et des lanceurs Luka Mezgec et Alexander Edmondson.<em>\u00a0\u00ab\u00a0Greipel et Gaviria seront nos grands rivaux lors des sprints cette ann\u00e9e,<\/em> a assur\u00e9 Matt White.<em> Pour ce deuxi\u00e8me\u00a0Giro de Caleb, nous pouvons vraiment cibler la victoire d&rsquo;\u00e9tape quand les opportunit\u00e9s se pr\u00e9senteront, et cela d\u00e9butera\u00a0d\u00e8s la premi\u00e8re \u00e9tape avec le bonus du maillot rose pour le\u00a0vainqueur.\u00a0\u00bb<\/em><\/p>\n<p style=\"text-align: justify;\"><span style=\"text-decoration: underline;\">Orica-Scott pour le Giro<\/span> : Adam Yates, Ruben Plaza, Carlos Verona, Caleb Ewan, Luka Megzec, Alexander Edmondson, Svein Tuft Michael Hepburn et Christopher Juul Jensen.<\/p>\n<blockquote class=\"twitter-video\" data-lang=\"fr\">\n<p dir=\"ltr\" lang=\"en\">ORICA-SCOTT team announcement for the <a href=\"https:\/\/twitter.com\/hashtag\/Giro100?src=hash\">#Giro100<\/a> <a href=\"https:\/\/twitter.com\/giroditalia\">@giroditalia<\/a> &#x1f45a;<\/p>\n<p>&#x1f4dd; Read the full article here: <a href=\"https:\/\/t.co\/5H9xAXFKZ4\">https:\/\/t.co\/5H9xAXFKZ4<\/a> <a href=\"https:\/\/t.co\/oWhnYyYpDa\">pic.twitter.com\/oWhnYyYpDa<\/a><\/p>\n<p>\u2014 ORICA-SCOTT (@OricaScott) <a href=\"https:\/\/twitter.com\/OricaScott\/status\/858952475449208834\">1 mai 2017<\/a><\/p><\/blockquote>\n<p><script async src=\"\/\/platform.twitter.com\/widgets.js\" charset=\"utf-8\"><\/script><\/p>\n","protected":false},"excerpt":{"rendered":"<p>ORICA-Scott ne manquera pas d&rsquo;objectifs sur le centi\u00e8me Giro de l&rsquo;histoire. C&rsquo;est avec une \u00e9quipe \u00e0 double visage que la structure australienne prendra le d\u00e9part du premier Grand Tour de la saison, vendredi. D&rsquo;un c\u00f4t\u00e9, il y aura donc Adam Yates, 4e du Tour de France 2016, en lice pour le classement g\u00e9n\u00e9ral, tandis que &hellip;<\/p>\n","protected":false},"author":5,"featured_media":17027,"comment_status":"open","ping_status":"open","sticky":false,"template":"","format":"standard","meta":{"footnotes":""},"categories":[11,26,58,15],"tags":[],"class_list":["post-17024","post","type-post","status-publish","format-standard","has-post-thumbnail","hentry","category-news-niveau-2","category-compositions","category-giro-ditalia-tour-italie","category-route"],"_links":{"self":[{"href":"https:\/\/cyclingpro.net\/velopro\/wp-json\/wp\/v2\/posts\/17024","targetHints":{"allow":["GET"]}}],"collection":[{"href":"https:\/\/cyclingpro.net\/velopro\/wp-json\/wp\/v2\/posts"}],"about":[{"href":"https:\/\/cyclingpro.net\/velopro\/wp-json\/wp\/v2\/types\/post"}],"author":[{"embeddable":true,"href":"https:\/\/cyclingpro.net\/velopro\/wp-json\/wp\/v2\/users\/5"}],"replies":[{"embeddable":true,"href":"https:\/\/cyclingpro.net\/velopro\/wp-json\/wp\/v2\/comments?post=17024"}],"version-history":[{"count":0,"href":"https:\/\/cyclingpro.net\/velopro\/wp-json\/wp\/v2\/posts\/17024\/revisions"}],"wp:featuredmedia":[{"embeddable":true,"href":"https:\/\/cyclingpro.net\/velopro\/wp-json\/wp\/v2\/media\/17027"}],"wp:attachment":[{"href":"https:\/\/cyclingpro.net\/velopro\/wp-json\/wp\/v2\/media?parent=17024"}],"wp:term":[{"taxonomy":"category","embeddable":true,"href":"https:\/\/cyclingpro.net\/velopro\/wp-json\/wp\/v2\/categories?post=17024"},{"taxonomy":"post_tag","embeddable":true,"href":"https:\/\/cyclingpro.net\/velopro\/wp-json\/wp\/v2\/tags?post=17024"}],"curies":[{"name":"wp","href":"https:\/\/api.w.org\/{rel}","templated":true}]}}