{"id":163824,"date":"2025-12-28T10:15:03","date_gmt":"2025-12-28T09:15:03","guid":{"rendered":"https:\/\/cyclingpro.net\/velopro\/uncategorized\/cdm-cyclo-cross-double-italien-a-termonde-patrick-pezzo-rosola-lemporte-sur-filippo-grigolini\/"},"modified":"2025-12-28T10:15:03","modified_gmt":"2025-12-28T09:15:03","slug":"cdm-cyclo-cross-double-italien-a-termonde-patrick-pezzo-rosola-lemporte-sur-filippo-grigolini","status":"publish","type":"post","link":"https:\/\/cyclingpro.net\/velopro\/autre\/cdm-cyclo-cross-double-italien-a-termonde-patrick-pezzo-rosola-lemporte-sur-filippo-grigolini\/","title":{"rendered":"CDM Cyclo-cross, doubl\u00e9 italien \u00e0 Termonde : Patrick Pezzo Rosola l&#8217;emporte sur Filippo Grigolini"},"content":{"rendered":"<p>La jeune Italie continue de briller en cyclo-cross. A Termonde, o\u00f9 se d\u00e9roule aujourd&rsquo;hui la huiti\u00e8me manche de la Coupe du Monde (la quatri\u00e8me pour la cat\u00e9gorie), Patrick Pezzo Rosola a triomph\u00e9 chez les hommes jrs, qui se sont impos\u00e9s devant Filippo Grigolini, le leader du classement g\u00e9n\u00e9ral qui s&rsquo;\u00e9tait impos\u00e9 \u00e0 Flamanville fin novembre.<\/p>\n","protected":false},"excerpt":{"rendered":"<p>La jeune Italie continue de briller en cyclo-cross. A Termonde, o\u00f9 se d\u00e9roule aujourd&rsquo;hui la huiti\u00e8me manche de la Coupe du Monde (la quatri\u00e8me pour la cat\u00e9gorie), Patrick Pezzo Rosola a triomph\u00e9 chez les hommes jrs, qui se sont impos\u00e9s devant Filippo Grigolini, le leader du classement g\u00e9n\u00e9ral qui s&rsquo;\u00e9tait impos\u00e9 \u00e0 Flamanville fin novembre.<\/p>\n","protected":false},"author":20,"featured_media":163823,"comment_status":"open","ping_status":"open","sticky":false,"template":"","format":"standard","meta":{"footnotes":""},"categories":[3],"tags":[],"class_list":["post-163824","post","type-post","status-publish","format-standard","has-post-thumbnail","hentry","category-autre"],"_links":{"self":[{"href":"https:\/\/cyclingpro.net\/velopro\/wp-json\/wp\/v2\/posts\/163824","targetHints":{"allow":["GET"]}}],"collection":[{"href":"https:\/\/cyclingpro.net\/velopro\/wp-json\/wp\/v2\/posts"}],"about":[{"href":"https:\/\/cyclingpro.net\/velopro\/wp-json\/wp\/v2\/types\/post"}],"author":[{"embeddable":true,"href":"https:\/\/cyclingpro.net\/velopro\/wp-json\/wp\/v2\/users\/20"}],"replies":[{"embeddable":true,"href":"https:\/\/cyclingpro.net\/velopro\/wp-json\/wp\/v2\/comments?post=163824"}],"version-history":[{"count":0,"href":"https:\/\/cyclingpro.net\/velopro\/wp-json\/wp\/v2\/posts\/163824\/revisions"}],"wp:featuredmedia":[{"embeddable":true,"href":"https:\/\/cyclingpro.net\/velopro\/wp-json\/wp\/v2\/media\/163823"}],"wp:attachment":[{"href":"https:\/\/cyclingpro.net\/velopro\/wp-json\/wp\/v2\/media?parent=163824"}],"wp:term":[{"taxonomy":"category","embeddable":true,"href":"https:\/\/cyclingpro.net\/velopro\/wp-json\/wp\/v2\/categories?post=163824"},{"taxonomy":"post_tag","embeddable":true,"href":"https:\/\/cyclingpro.net\/velopro\/wp-json\/wp\/v2\/tags?post=163824"}],"curies":[{"name":"wp","href":"https:\/\/api.w.org\/{rel}","templated":true}]}}